{"id":1447,"date":"2026-04-29T06:04:04","date_gmt":"2026-04-29T09:04:04","guid":{"rendered":"https:\/\/vagas.portalemprego.com.br\/?p=1447"},"modified":"2026-04-29T06:04:04","modified_gmt":"2026-04-29T09:04:04","slug":"atendende-recreio-barra-comercial-vendas-rio-de-janeiro","status":"publish","type":"post","link":"https:\/\/vagas.portalemprego.com.br\/?p=1447","title":{"rendered":"ATENDENDE RECREIO -BARRA &#8211; Comercial, Vendas &#8211; Rio de Janeiro"},"content":{"rendered":"<p>Estmos em busca de um Atendende de Conveni\u00eancia para se juntar \u00e0 nossa equipe.Buscamos um profissional que tenha experi\u00eancia comprovada como caixa e que residir pr\u00f3ximo ao local de trabalho para garantir uma maior efici\u00eancia no atendimento ao cliente.<br \/>\nO candidato ideal dever\u00e1 ter disponibilidade de hor\u00e1rio flex\u00edvel, pois o trabalho envolve turnos variados, incluindo finais de semana e feriados.A posi\u00e7\u00e3o exige comprometimento, aten\u00e7\u00e3o aos detalhes e uma atitude positiva para lidar com as demandas do dia a dia em um ambiente de conveni\u00eancia.<br \/>\nVoc\u00ea ser\u00e1 respons\u00e1vel por gerenciar as transa\u00e7\u00f5es financeiras, atender os clientes com efici\u00eancia e cortesia, manter a organiza\u00e7\u00e3o e limpeza do ponto de vendas, al\u00e9m de gerenciar o estoque e assegurar a seguran\u00e7a dos produtos e do local de trabalho.<br \/>\nA experi\u00eancia anterior em fun\u00e7\u00f5es similares \u00e9 um diferencial, mas n\u00e3o \u00e9 um requisito indispens\u00e1vel, desde que voc\u00ea demonstre habilidades de trabalho em equipe, responsabilidade e uma atitude proativa.<br \/>\nSe voc\u00ea est\u00e1 procurando uma oportunidade que combine responsabilidade com flexibilidade, esta \u00e9 a chance perfeita para voc\u00ea.Junte-se ao GRUPO COTA e fa\u00e7a parte de uma equipe dedicada e din\u00e2mica que valoriza o trabalho em equipe e o crescimento profissional.<br \/>\nAguardamos seu interesse para contribuir com o nosso time e fazer parte dessa jornada de sucesso.<\/p>\n<ul>\n<li>N\u00famero de vagas: 50<\/li>\n<li>Local de trabalho: Rio de Janeiro, RJ<\/li>\n<li>Regime de contrata\u00e7\u00e3o de tipo: Efetivo \u2013 CLT<\/li>\n<li>Jornada: Per\u00edodo Integral<\/li>\n<li>\u00c1rea e especializa\u00e7\u00e3o profissional: Comercial, Vendas &#8211; Atendimento<\/li>\n<li>N\u00edvel hier\u00e1rquico: Operacional<\/li>\n<\/ul>\n<p>VALORIZADO<\/p>\n<p>Tempo de experi\u00eancia: Entre 1 e 3 anos<\/p>\n<p>HABILIDADES<\/p>\n<ul>\n<li>morar proximo<\/li>\n<li>disponibilidade de hor\u00e1rio<\/li>\n<li>experi\u00eancia como caixa<\/li>\n<\/ul>\n<p>Escolaridade M\u00ednima: Ensino M\u00e9dio (2\u00ba Grau)<\/p>\n<p>Forma\u00e7\u00e3o desejada:<\/p>\n<ul>\n<li>Ensino M\u00e9dio (2\u00ba Grau)<\/li>\n<\/ul>\n<ul>\n<li>vale transporte<\/li>\n<li>lanche<\/li>\n<\/ul>\n<p>Sal\u00e1rio: 2200,0<\/p>\n","protected":false},"excerpt":{"rendered":"<p>Estmos em busca de um Atendende de Conveni\u00eancia para se juntar \u00e0 nossa equipe.Buscamos um profissional que tenha experi\u00eancia comprovada como caixa e que residir pr\u00f3ximo ao local de trabalho para garantir uma maior efici\u00eancia no atendimento ao cliente. O candidato ideal dever\u00e1 ter disponibilidade de hor\u00e1rio flex\u00edvel, pois o trabalho envolve turnos variados, incluindo [&hellip;]<\/p>\n","protected":false},"author":1,"featured_media":0,"comment_status":"open","ping_status":"open","sticky":false,"template":"","format":"standard","meta":{"footnotes":""},"categories":[21],"tags":[],"class_list":["post-1447","post","type-post","status-publish","format-standard","hentry","category-rio-de-janeiro-rj"],"_links":{"self":[{"href":"https:\/\/vagas.portalemprego.com.br\/index.php?rest_route=\/wp\/v2\/posts\/1447","targetHints":{"allow":["GET"]}}],"collection":[{"href":"https:\/\/vagas.portalemprego.com.br\/index.php?rest_route=\/wp\/v2\/posts"}],"about":[{"href":"https:\/\/vagas.portalemprego.com.br\/index.php?rest_route=\/wp\/v2\/types\/post"}],"author":[{"embeddable":true,"href":"https:\/\/vagas.portalemprego.com.br\/index.php?rest_route=\/wp\/v2\/users\/1"}],"replies":[{"embeddable":true,"href":"https:\/\/vagas.portalemprego.com.br\/index.php?rest_route=%2Fwp%2Fv2%2Fcomments&post=1447"}],"version-history":[{"count":0,"href":"https:\/\/vagas.portalemprego.com.br\/index.php?rest_route=\/wp\/v2\/posts\/1447\/revisions"}],"wp:attachment":[{"href":"https:\/\/vagas.portalemprego.com.br\/index.php?rest_route=%2Fwp%2Fv2%2Fmedia&parent=1447"}],"wp:term":[{"taxonomy":"category","embeddable":true,"href":"https:\/\/vagas.portalemprego.com.br\/index.php?rest_route=%2Fwp%2Fv2%2Fcategories&post=1447"},{"taxonomy":"post_tag","embeddable":true,"href":"https:\/\/vagas.portalemprego.com.br\/index.php?rest_route=%2Fwp%2Fv2%2Ftags&post=1447"}],"curies":[{"name":"wp","href":"https:\/\/api.w.org\/{rel}","templated":true}]}}