{"id":1448,"date":"2026-04-29T06:04:04","date_gmt":"2026-04-29T09:04:04","guid":{"rendered":"https:\/\/vagas.portalemprego.com.br\/?p=1448"},"modified":"2026-04-29T06:04:04","modified_gmt":"2026-04-29T09:04:04","slug":"recepcionista-administracao-resende","status":"publish","type":"post","link":"https:\/\/vagas.portalemprego.com.br\/?p=1448","title":{"rendered":"Recepcionista &#8211; Administra\u00e7\u00e3o &#8211; Resende"},"content":{"rendered":"<p>Sobre N\u00f3s<\/p>\n<p>Quer fazer parte de uma das maiores redes de cl\u00ednicas odontol\u00f3gicas do Brasil?<\/p>\n<p>H\u00e1 mais de 40 anos no mercado, o Grupo Cl\u00ednicas Inteligentes \u00e9 uma das maiores redes de cl\u00ednicas odontol\u00f3gicas.<\/p>\n<p>Presente em mais de 20 estados, o nosso grupo \u00e9 formado por 4 marcas que contam com a colabora\u00e7\u00e3o de 2100 colaboradores e um dos melhores corpos cl\u00ednicos do Brasil.<\/p>\n<p>Com conceito de cl\u00ednica popular, somos determinados a garantir o pronto atendimento em ambientes seguros, confort\u00e1veis e climatizados por um valor justo e acess\u00edvel.<\/p>\n<p>N\u00f3s do grupo Cl\u00ednicas Inteligentes somos apaixonados pelo que fazemos. Acreditamos que o atendimento humanizado contagia e motiva a todos que se relacionam conosco.<\/p>\n<p>O Grupo Cl\u00ednicas Inteligentes informa que sua participa\u00e7\u00e3o em nossos processos seletivos \u00e9 gratuita e nenhum fornecedor ou terceiro est\u00e1 autorizado a cobrar valores para candidatura \u00e0 vaga, treinamento, material did\u00e1tico ou qualquer outra despesa relacionada.<\/p>\n<p>Sobre a Oportunidade<\/p>\n<p>\u2022 Respons\u00e1vel pelo agendamento de visitas e consultas, realizando atendimento presencial, prestando informa\u00e7\u00f5es sobre procedimentos, registrando em sistema os dados sobre os pacientes, processamento de atualiza\u00e7\u00f5es cadastrais, bem como realizar controle rigoroso de datas e hor\u00e1rios agendados, procurando a confirma\u00e7\u00e3o antecipada dos pacientes e o tipo do procedimento a ser realizado.<br \/>\n\u2022 Prestar orienta\u00e7\u00e3o sobre os procedimentos iniciais, quando se tratar de primeiro atendimento, e encaminh\u00e1-los at\u00e9 o consult\u00f3rio, bem como cuidar da sinaliza\u00e7\u00e3o dos locais de atendimento, banheiro e copa.<br \/>\n\u2022 Respons\u00e1vel por organizar e preparar o ambiente de trabalho antes da abertura da cl\u00ednica para os clientes deixando o ambiente limpo e agrad\u00e1vel.<br \/>\n\u2022 Sempre que necess\u00e1rio, buscar alternativas de remanejamento de consultas, realizando encaixes e ajustes de emerg\u00eancias, de forma organizada e planejada, estabelecendo prioridades e comunica\u00e7\u00e3o com todos os envolvidos.<br \/>\n\u2022 Controlar o estoque de suprimentos e providenciar a compra de itens de escrit\u00f3rio, de higiene, de limpeza e copa, realizando o abastecimento dos insumos, quando necess\u00e1rio, bem como adotar medidas de controle de desperd\u00edcio de \u00e1gua e energia el\u00e9trica, al\u00e9m de materiais odontol\u00f3gicos.<br \/>\n\u2022 Receber e separar correspond\u00eancias internas e externas, tais como: encomendas, telegramas, fax e correspond\u00eancias banc\u00e1rias, organizando-as e distribuindo-as aos destinat\u00e1rios, bem como arquiv\u00e1-las de acordo com a classifica\u00e7\u00e3o de assuntos.<br \/>\n\u2022 Controlar e organizar os pagamentos dos pacientes, mantendo os prontu\u00e1rios atualizados ap\u00f3s cada consulta, bem como providenciar, quando solicitado, atestados m\u00e9dicos, recibos, cart\u00e3o de retorno, etc.<br \/>\n\u2022 Realizar o pagamento di\u00e1rio para os prestadores de servi\u00e7o (dentistas)<br \/>\n\u2022 Realizar o dep\u00f3sito do caixa no dia seguinte<br \/>\n\u2022 Abertura e Fechamento da cl\u00ednica.<br \/>\n\u2022 Entre outras atividades pertinentes ao cargo.<\/p>\n<p>Hor\u00e1rio de trabalho: SEG. \u00c0 SEX. 09h \u00c0S 18h| SAB. 09h \u00c0S 13h.<br \/>\nLocal de Trabalho: Resende &#8211; RJ<\/p>\n<ul>\n<li>Local de trabalho: Resende, RJ<\/li>\n<li>Regime de contrata\u00e7\u00e3o de tipo: Efetivo \u2013 CLT<\/li>\n<li>Jornada: Per\u00edodo Integral<\/li>\n<li>\u00c1rea e especializa\u00e7\u00e3o profissional: Administra\u00e7\u00e3o &#8211; Recep\u00e7\u00e3o<\/li>\n<li>N\u00edvel hier\u00e1rquico: Auxiliar<\/li>\n<\/ul>\n<p>HABILIDADES<\/p>\n<ul>\n<li>Proatividade<\/li>\n<li>Comprometimento<\/li>\n<li>Word<\/li>\n<li>Internet<\/li>\n<li>Organiza\u00e7\u00e3o<\/li>\n<li>Excel<\/li>\n<\/ul>\n<p>Escolaridade M\u00ednima: Ensino M\u00e9dio (2\u00ba Grau)<\/p>\n<ul>\n<li>VT<\/li>\n<\/ul>\n<p>Sal\u00e1rio: 1641,64<\/p>\n","protected":false},"excerpt":{"rendered":"<p>Sobre N\u00f3s Quer fazer parte de uma das maiores redes de cl\u00ednicas odontol\u00f3gicas do Brasil? H\u00e1 mais de 40 anos no mercado, o Grupo Cl\u00ednicas Inteligentes \u00e9 uma das maiores redes de cl\u00ednicas odontol\u00f3gicas. Presente em mais de 20 estados, o nosso grupo \u00e9 formado por 4 marcas que contam com a colabora\u00e7\u00e3o de 2100 [&hellip;]<\/p>\n","protected":false},"author":1,"featured_media":0,"comment_status":"open","ping_status":"open","sticky":false,"template":"","format":"standard","meta":{"footnotes":""},"categories":[21],"tags":[],"class_list":["post-1448","post","type-post","status-publish","format-standard","hentry","category-rio-de-janeiro-rj"],"_links":{"self":[{"href":"https:\/\/vagas.portalemprego.com.br\/index.php?rest_route=\/wp\/v2\/posts\/1448","targetHints":{"allow":["GET"]}}],"collection":[{"href":"https:\/\/vagas.portalemprego.com.br\/index.php?rest_route=\/wp\/v2\/posts"}],"about":[{"href":"https:\/\/vagas.portalemprego.com.br\/index.php?rest_route=\/wp\/v2\/types\/post"}],"author":[{"embeddable":true,"href":"https:\/\/vagas.portalemprego.com.br\/index.php?rest_route=\/wp\/v2\/users\/1"}],"replies":[{"embeddable":true,"href":"https:\/\/vagas.portalemprego.com.br\/index.php?rest_route=%2Fwp%2Fv2%2Fcomments&post=1448"}],"version-history":[{"count":0,"href":"https:\/\/vagas.portalemprego.com.br\/index.php?rest_route=\/wp\/v2\/posts\/1448\/revisions"}],"wp:attachment":[{"href":"https:\/\/vagas.portalemprego.com.br\/index.php?rest_route=%2Fwp%2Fv2%2Fmedia&parent=1448"}],"wp:term":[{"taxonomy":"category","embeddable":true,"href":"https:\/\/vagas.portalemprego.com.br\/index.php?rest_route=%2Fwp%2Fv2%2Fcategories&post=1448"},{"taxonomy":"post_tag","embeddable":true,"href":"https:\/\/vagas.portalemprego.com.br\/index.php?rest_route=%2Fwp%2Fv2%2Ftags&post=1448"}],"curies":[{"name":"wp","href":"https:\/\/api.w.org\/{rel}","templated":true}]}}