{"id":1454,"date":"2026-04-29T06:04:04","date_gmt":"2026-04-29T09:04:04","guid":{"rendered":"https:\/\/vagas.portalemprego.com.br\/?p=1454"},"modified":"2026-04-29T06:04:04","modified_gmt":"2026-04-29T09:04:04","slug":"serralheiro-de-manutencao-engenharia-rio-de-janeiro","status":"publish","type":"post","link":"https:\/\/vagas.portalemprego.com.br\/?p=1454","title":{"rendered":"Serralheiro de manuten\u00e7\u00e3o &#8211; Engenharia &#8211; Rio de Janeiro"},"content":{"rendered":"<p>Principais Responsabilidades:<br \/>\nExecutar a fabrica\u00e7\u00e3o e montagem de pe\u00e7as de serralheria, utilizando t\u00e9cnicas adequadas ao tipo de material e projeto;<br \/>\nConfeccionar esquadrias em ferro e alum\u00ednio, incluindo portas, janelas e estruturas similares;<br \/>\nRealizar a fabrica\u00e7\u00e3o e instala\u00e7\u00e3o de port\u00f5es autom\u00e1ticos, garantindo alinhamento e funcionamento adequado;<br \/>\nExecutar servi\u00e7os de fechamento de fachadas e montagem de estruturas met\u00e1licas diversas;<br \/>\nProduzir e instalar portas de correr (uma ou mais folhas), conforme especifica\u00e7\u00f5es t\u00e9cnicas;<br \/>\nAplicar t\u00e9cnicas gerais de serralheria na confec\u00e7\u00e3o de diferentes tipos de pe\u00e7as e estruturas met\u00e1licas;<br \/>\nExecutar soldas el\u00e9tricas com qualidade e seguran\u00e7a, assegurando a resist\u00eancia e acabamento das pe\u00e7as;<br \/>\nInterpretar desenhos e especifica\u00e7\u00f5es t\u00e9cnicas para correta execu\u00e7\u00e3o dos servi\u00e7os;<br \/>\nZelar pela organiza\u00e7\u00e3o do ambiente de trabalho, conserva\u00e7\u00e3o de ferramentas e cumprimento das normas de seguran\u00e7a.<\/p>\n<ul>\n<li>Local de trabalho: Rio de Janeiro, RJ<\/li>\n<li>Regime de contrata\u00e7\u00e3o de tipo: Efetivo \u2013 CLT<\/li>\n<li>Jornada: Per\u00edodo Integral<\/li>\n<li>\u00c1rea e especializa\u00e7\u00e3o profissional: Engenharia &#8211; Engenharia El\u00e9trica, Eletr\u00f4nica, Eletrot\u00e9cnica<\/li>\n<li>N\u00edvel hier\u00e1rquico: Operacional<\/li>\n<\/ul>\n<p>VALORIZADO<\/p>\n<p>Tempo de experi\u00eancia: Menos de 1 ano<\/p>\n<p>HABILIDADES<\/p>\n<ul>\n<li>Boa Comunica\u00e7\u00e3o<\/li>\n<li>Responsabilidade e disciplina.<\/li>\n<li>Trabalho em equipe<\/li>\n<li>Aten\u00e7\u00e3o aos detalhes.<\/li>\n<li>Experi\u00eancia com montagem e instala\u00e7\u00e3o de port\u00f5es autom\u00e1ticos.<\/li>\n<li>Habilidade na execu\u00e7\u00e3o de solda el\u00e9trica (eletrodo revestido).<\/li>\n<li>Curso NR10<\/li>\n<li>Conhecimento no uso de ferramentas manuais e el\u00e9tricas.<\/li>\n<li>Proatividade e iniciativa<\/li>\n<\/ul>\n<p>Escolaridade M\u00ednima: Ensino M\u00e9dio (2\u00ba Grau)<\/p>\n<p>Forma\u00e7\u00e3o desejada:<\/p>\n<ul>\n<li>Serralheiro, Curso extra-curricular \/ Profissionalizante<\/li>\n<\/ul>\n<ul>\n<li>Vale Alimenta\u00e7\u00e3o<\/li>\n<li>Vale Transporte<\/li>\n<li>Seguro de Vida<\/li>\n<li>Wellhub(antigo gympass)<\/li>\n<li>Convenio com SESI<\/li>\n<li>Plano de Sa\u00fade<\/li>\n<li>Plano Odontol\u00f3gico<\/li>\n<\/ul>\n<p>Sal\u00e1rio: 2477,16<\/p>\n","protected":false},"excerpt":{"rendered":"<p>Principais Responsabilidades: Executar a fabrica\u00e7\u00e3o e montagem de pe\u00e7as de serralheria, utilizando t\u00e9cnicas adequadas ao tipo de material e projeto; Confeccionar esquadrias em ferro e alum\u00ednio, incluindo portas, janelas e estruturas similares; Realizar a fabrica\u00e7\u00e3o e instala\u00e7\u00e3o de port\u00f5es autom\u00e1ticos, garantindo alinhamento e funcionamento adequado; Executar servi\u00e7os de fechamento de fachadas e montagem de estruturas [&hellip;]<\/p>\n","protected":false},"author":1,"featured_media":0,"comment_status":"open","ping_status":"open","sticky":false,"template":"","format":"standard","meta":{"footnotes":""},"categories":[21],"tags":[],"class_list":["post-1454","post","type-post","status-publish","format-standard","hentry","category-rio-de-janeiro-rj"],"_links":{"self":[{"href":"https:\/\/vagas.portalemprego.com.br\/index.php?rest_route=\/wp\/v2\/posts\/1454","targetHints":{"allow":["GET"]}}],"collection":[{"href":"https:\/\/vagas.portalemprego.com.br\/index.php?rest_route=\/wp\/v2\/posts"}],"about":[{"href":"https:\/\/vagas.portalemprego.com.br\/index.php?rest_route=\/wp\/v2\/types\/post"}],"author":[{"embeddable":true,"href":"https:\/\/vagas.portalemprego.com.br\/index.php?rest_route=\/wp\/v2\/users\/1"}],"replies":[{"embeddable":true,"href":"https:\/\/vagas.portalemprego.com.br\/index.php?rest_route=%2Fwp%2Fv2%2Fcomments&post=1454"}],"version-history":[{"count":0,"href":"https:\/\/vagas.portalemprego.com.br\/index.php?rest_route=\/wp\/v2\/posts\/1454\/revisions"}],"wp:attachment":[{"href":"https:\/\/vagas.portalemprego.com.br\/index.php?rest_route=%2Fwp%2Fv2%2Fmedia&parent=1454"}],"wp:term":[{"taxonomy":"category","embeddable":true,"href":"https:\/\/vagas.portalemprego.com.br\/index.php?rest_route=%2Fwp%2Fv2%2Fcategories&post=1454"},{"taxonomy":"post_tag","embeddable":true,"href":"https:\/\/vagas.portalemprego.com.br\/index.php?rest_route=%2Fwp%2Fv2%2Ftags&post=1454"}],"curies":[{"name":"wp","href":"https:\/\/api.w.org\/{rel}","templated":true}]}}