{"id":1455,"date":"2026-04-29T06:04:04","date_gmt":"2026-04-29T09:04:04","guid":{"rendered":"https:\/\/vagas.portalemprego.com.br\/?p=1455"},"modified":"2026-04-29T06:04:04","modified_gmt":"2026-04-29T09:04:04","slug":"executivo-de-negocios-corporativo-pj-rio-de-janeiro-informatica-ti-telecomunicacoes-rio-de-janeiro","status":"publish","type":"post","link":"https:\/\/vagas.portalemprego.com.br\/?p=1455","title":{"rendered":"EXECUTIVO DE NEG\u00d3CIOS CORPORATIVO PJ &#8211; RIO DE JANEIRO &#8211; Inform\u00e1tica, TI, Telecomunica\u00e7\u00f5es &#8211; Rio de Janeiro"},"content":{"rendered":"<p>Descri\u00e7\u00e3o da Vaga:<br \/>\nEstamos em busca de um Executivo de Neg\u00f3cios com forte atua\u00e7\u00e3o em vendas consultivas no segmento de telecomunica\u00e7\u00f5es, com foco no atendimento a clientes corporativos e provedores de internet (ISPs). Este profissional ser\u00e1 respons\u00e1vel por identificar oportunidades, desenvolver relacionamentos estrat\u00e9gicos e conduzir negocia\u00e7\u00f5es de solu\u00e7\u00f5es de conectividade, especialmente links de dados e nuvem privado.<br \/>\nPrincipais Responsabilidades:<br \/>\nProspec\u00e7\u00e3o ativa de novos clientes corporativos e ISPs na regi\u00e3o do Rio de Janeiro;<br \/>\nGest\u00e3o e expans\u00e3o de carteira de clientes;<br \/>\nComercializa\u00e7\u00e3o de solu\u00e7\u00f5es de telecom e nuvem privada, com \u00eanfase em links dedicados, MPLS, IP, fibra \u00f3ptica e servi\u00e7os relacionados;<br \/>\nElabora\u00e7\u00e3o de propostas comerciais e condu\u00e7\u00e3o de negocia\u00e7\u00f5es;<br \/>\nInterface com \u00e1reas t\u00e9cnicas e operacionais para constru\u00e7\u00e3o de solu\u00e7\u00f5es customizadas;<br \/>\nAcompanhamento de indicadores de vendas e metas;<br \/>\nAtua\u00e7\u00e3o estrat\u00e9gica para aumento de receita e market share.<br \/>\nRequisitos Obrigat\u00f3rios:<br \/>\nExperi\u00eancia comprovada em vendas no segmento de telecomunica\u00e7\u00f5es;<br \/>\nViv\u00eancia na comercializa\u00e7\u00e3o de links de telecom (dados e conectividade);<br \/>\nHist\u00f3rico profissional em empresas de grande porte do setor de telecom;<br \/>\nExperi\u00eancia no atendimento a clientes corporativos e\/ou ISPs;<br \/>\nForte habilidade de negocia\u00e7\u00e3o e relacionamento;<br \/>\nConhecimento t\u00e9cnico b\u00e1sico\/intermedi\u00e1rio em solu\u00e7\u00f5es de telecom.<br \/>\nDiferenciais:<br \/>\nCarteira ativa de clientes no segmento corporativo ou ISP;<br \/>\nConhecimento em solu\u00e7\u00f5es avan\u00e7adas (SD-WAN, Cloud, Data Center, Seguran\u00e7a);<br \/>\nForma\u00e7\u00e3o superior completa (preferencialmente em \u00e1reas como Administra\u00e7\u00e3o, Engenharia, Telecom ou correlatas).<br \/>\nCompet\u00eancias Comportamentais:<br \/>\nPerfil hunter e orientado a resultados;<br \/>\nProatividade e autonomia;<br \/>\nComunica\u00e7\u00e3o clara e persuasiva;<br \/>\nCapacidade anal\u00edtica e vis\u00e3o de neg\u00f3cios;<br \/>\nOrganiza\u00e7\u00e3o e disciplina comercial.<br \/>\nModelo de Contrata\u00e7\u00e3o:<br \/>\nA combinar (PJ)<br \/>\nRemunera\u00e7\u00e3o e Benef\u00edcios:<br \/>\nFixo + vari\u00e1vel agressivo (comiss\u00e3o por performance);<br \/>\nBenef\u00edcios compat\u00edveis com o mercado.<br \/>\nObserva\u00e7\u00e3o:<br \/>\nBuscamos um profissional com forte conhecimento do mercado de telecom e capacidade de gerar neg\u00f3cios de alto valor, atuando de forma estrat\u00e9gica e consultiva.<\/p>\n<ul>\n<li>Local de trabalho: Rio de Janeiro, RJ<\/li>\n<li>Regime de contrata\u00e7\u00e3o de tipo: Prestador de Servi\u00e7os (PJ)<\/li>\n<li>Jornada: Per\u00edodo Integral<\/li>\n<li>\u00c1rea e especializa\u00e7\u00e3o profissional: Inform\u00e1tica, TI, Telecomunica\u00e7\u00f5es &#8211; Telecomunica\u00e7\u00f5es<\/li>\n<li>N\u00edvel hier\u00e1rquico: Gerente<\/li>\n<\/ul>\n<p>VALORIZADO<\/p>\n<p>Tempo de experi\u00eancia: Entre 3 e 5 anos<\/p>\n<p>HABILIDADES<\/p>\n<ul>\n<li>NEGOCIA\u00c7\u00c3O<\/li>\n<li>COMUNICA\u00c7\u00c3O<\/li>\n<li>ATITUDE<\/li>\n<li>TELECOM<\/li>\n<\/ul>\n<p>Escolaridade M\u00ednima: Ensino Superior<\/p>\n<p>Habilita\u00e7\u00e3o para dirigir: B<\/p>\n<p>Disponibilidade para viajar<\/p>\n","protected":false},"excerpt":{"rendered":"<p>Descri\u00e7\u00e3o da Vaga: Estamos em busca de um Executivo de Neg\u00f3cios com forte atua\u00e7\u00e3o em vendas consultivas no segmento de telecomunica\u00e7\u00f5es, com foco no atendimento a clientes corporativos e provedores de internet (ISPs). Este profissional ser\u00e1 respons\u00e1vel por identificar oportunidades, desenvolver relacionamentos estrat\u00e9gicos e conduzir negocia\u00e7\u00f5es de solu\u00e7\u00f5es de conectividade, especialmente links de dados e [&hellip;]<\/p>\n","protected":false},"author":1,"featured_media":0,"comment_status":"open","ping_status":"open","sticky":false,"template":"","format":"standard","meta":{"footnotes":""},"categories":[21],"tags":[],"class_list":["post-1455","post","type-post","status-publish","format-standard","hentry","category-rio-de-janeiro-rj"],"_links":{"self":[{"href":"https:\/\/vagas.portalemprego.com.br\/index.php?rest_route=\/wp\/v2\/posts\/1455","targetHints":{"allow":["GET"]}}],"collection":[{"href":"https:\/\/vagas.portalemprego.com.br\/index.php?rest_route=\/wp\/v2\/posts"}],"about":[{"href":"https:\/\/vagas.portalemprego.com.br\/index.php?rest_route=\/wp\/v2\/types\/post"}],"author":[{"embeddable":true,"href":"https:\/\/vagas.portalemprego.com.br\/index.php?rest_route=\/wp\/v2\/users\/1"}],"replies":[{"embeddable":true,"href":"https:\/\/vagas.portalemprego.com.br\/index.php?rest_route=%2Fwp%2Fv2%2Fcomments&post=1455"}],"version-history":[{"count":0,"href":"https:\/\/vagas.portalemprego.com.br\/index.php?rest_route=\/wp\/v2\/posts\/1455\/revisions"}],"wp:attachment":[{"href":"https:\/\/vagas.portalemprego.com.br\/index.php?rest_route=%2Fwp%2Fv2%2Fmedia&parent=1455"}],"wp:term":[{"taxonomy":"category","embeddable":true,"href":"https:\/\/vagas.portalemprego.com.br\/index.php?rest_route=%2Fwp%2Fv2%2Fcategories&post=1455"},{"taxonomy":"post_tag","embeddable":true,"href":"https:\/\/vagas.portalemprego.com.br\/index.php?rest_route=%2Fwp%2Fv2%2Ftags&post=1455"}],"curies":[{"name":"wp","href":"https:\/\/api.w.org\/{rel}","templated":true}]}}