{"id":1462,"date":"2026-04-29T06:04:04","date_gmt":"2026-04-29T09:04:04","guid":{"rendered":"https:\/\/vagas.portalemprego.com.br\/?p=1462"},"modified":"2026-04-29T06:04:04","modified_gmt":"2026-04-29T09:04:04","slug":"analista-contabil-junior-contabil-financas-economia-rio-de-janeiro","status":"publish","type":"post","link":"https:\/\/vagas.portalemprego.com.br\/?p=1462","title":{"rendered":"Analista Cont\u00e1bil J\u00fanior &#8211; Cont\u00e1bil, Finan\u00e7as, Economia &#8211; Rio de Janeiro"},"content":{"rendered":"<p>Imagine um local que sabe valorizar seus talentos, com um time que joga junto, respeita quem voc\u00ea \u00e9 e est\u00e1 sempre em busca da melhor qualidade no que faz.<br \/>\nEssa \u00e9 a DPC!<br \/>\nE voc\u00ea pode ser o pr\u00f3ximo membro da nossa equipe. Confira os detalhes da vaga e fa\u00e7a sua candidatura.<\/p>\n<p>Atividades:<br \/>\nLan\u00e7amentos\u00a0Cont\u00e1beis;<br \/>\nAn\u00e1lise\u00a0e\u00a0concilia\u00e7\u00e3o\u00a0de\u00a0contas;<br \/>\nFechamento\/Revis\u00e3o\u00a0de\u00a0Balancetes\u00a0Mensais;<br \/>\nApura\u00e7\u00e3o\u00a0de\u00a0impostos\u00a0IRPJ\u00a0e\u00a0CSLL\u00a0e\u00a0conhecimento\u00a0da\u00a0apura\u00e7\u00e3o\u00a0e\u00a0contabiliza\u00e7\u00e3o\u00a0do\u00a0PIS\u00a0e\u00a0COFINS;<br \/>\nObriga\u00e7\u00f5es\u00a0acess\u00f3rias\u00a0diversas,\u00a0tais\u00a0como:\u00a0DCTF,\u00a0SPED\u00a0Cont\u00e1bil\u00a0(ECD),\u00a0ECF,\u00a0EFD\u00a0CONTRIBUI\u00c7\u00d5ES;<br \/>\nSuporte\u00a0t\u00e9cnico\u00a0aos\u00a0estagi\u00e1rios\u00a0e\u00a0auxiliares;<br \/>\nAtendimento\u00a0ao\u00a0cliente\u00a0(telefone,\u00a0e-mail\u00a0e\/ou\u00a0presencial);<br \/>\nElabora\u00e7\u00e3o\u00a0das\u00a0demonstra\u00e7\u00f5es\u00a0financeiras\u00a0(Balan\u00e7o,\u00a0DRE,\u00a0DMPL,\u00a0DFC\u00a0e\u00a0notas\u00a0explicativas);<br \/>\nDemais\u00a0atividades\u00a0pertinentes\u00a0ao\u00a0cargo.<\/p>\n<p>Requisitos:<br \/>\n&#8211; Gradua\u00e7\u00e3o completa em Ci\u00eancias Cont\u00e1beis;<br \/>\n&#8211; Possuir o CRC ativo;<br \/>\n&#8211; S\u00f3lida experi\u00eancia nas atividades descritas;<br \/>\n&#8211; Experi\u00eancia com Lucro Real;<br \/>\n&#8211; Excel intermedi\u00e1rio.<\/p>\n<p>Local de Trabalho: Cinel\u00e2ndia &#8211; Centro\/RJ.<br \/>\nRemunera\u00e7\u00e3o: Pretens\u00e3o salarial + Benef\u00edcios.<\/p>\n<p>Benef\u00edcios:<br \/>\n\u2022 Vale Transporte<br \/>\n\u2022 Vale Refei\u00e7\u00e3o\/Alimenta\u00e7\u00e3o: Cart\u00e3o Sodexo &#8211; R$ 33,50 por dia \u00fatil trabalhado.<br \/>\n\u2022 Plano de Sa\u00fade: Sem mensalidade para o colaborador (Extensivo a dependentes, conforme pol\u00edticas internas).<br \/>\n\u2022 Plano Odontol\u00f3gico: Opcional (Extensivo a dependentes, conforme pol\u00edticas internas).<br \/>\n\u2022 Seguro de Vida: Zero custo para o colaborador.<br \/>\n\u2022 StarBem: Apoio psicol\u00f3gico online. Zero custo para o colaborador.<br \/>\n\u2022 Programas de sa\u00fade e bem estar.<br \/>\n\u2022 Descontos em Farm\u00e1cias: Atrav\u00e9s do plano de sa\u00fade.<br \/>\n\u2022 Totalpass: Descontos em atividades f\u00edsicas em diversas academias.<br \/>\n\u2022 Incentivo ao Esporte: Participa\u00e7\u00e3o em circuito de corridas de rua \/ Aluguel de quadra.<br \/>\n\u2022 SESC: Tarifas diferenciadas em hospedagem, col\u00f4nias de f\u00e9rias, atividades f\u00edsicas, servi\u00e7os odontol\u00f3gicos e programa\u00e7\u00f5es culturais.<br \/>\n\u2022 Programa Mam\u00e3e DPC: Aten\u00e7\u00e3o especial \u00e0s colaboradoras gestante + Sala exclusiva para lactantes.<br \/>\n\u2022 Aux\u00edlio Creche<br \/>\n\u2022 Participa\u00e7\u00e3o nos Lucros e Rendimentos: Distribu\u00eddo anualmente.<br \/>\n\u2022 A\u00e7\u00f5es motivacionais de clima e engajamento.<br \/>\n\u2022 Aniversariante do M\u00eas.<br \/>\n\u2022 Programa de Forma\u00e7\u00e3o: Treinamentos t\u00e9cnicos e comportamentais.<br \/>\n\u2022 Programa de Mentoria: Acompanhamento e desenvolvimento interno para profissionais com grande potencial para se tornarem futuros l\u00edderes, proporcionando treinamentos, suporte organizacional, mentorias e projetos desafiadores.<br \/>\n\u2022 Parcerias de Descontos: Universidades, Curso de idiomas e Lazer.<br \/>\n\u2022 Modelo H\u00edbrido: Dois dias de Home Office<\/p>\n<p>Remunera\u00e7\u00e3o: Pretens\u00e3o Salarial.<br \/>\nLocal de Trabalho: Cinel\u00e2ndia &#8211; Centro\/RJ.<\/p>\n<p>*Todas as vagas da DPC tamb\u00e9m s\u00e3o extensivas para Pessoa com Defici\u00eancia.<\/p>\n<ul>\n<li>Local de trabalho: Rio de Janeiro, RJ<\/li>\n<li>Regime de contrata\u00e7\u00e3o de tipo: Efetivo \u2013 CLT<\/li>\n<li>Jornada: Per\u00edodo Integral<\/li>\n<li>\u00c1rea e especializa\u00e7\u00e3o profissional: Cont\u00e1bil, Finan\u00e7as, Economia &#8211; Contabilidade<\/li>\n<li>N\u00edvel hier\u00e1rquico: Analista<\/li>\n<\/ul>\n<p>Escolaridade M\u00ednima: Ensino Superior<\/p>\n<ul>\n<li>Hor\u00e1rio flex\u00edvel<\/li>\n<li>Assist\u00eancia m\u00e9dica<\/li>\n<li>Vale Refei\u00e7\u00e3o\/Vale Alimenta\u00e7\u00e3o<\/li>\n<li>Aux\u00edlio creche<\/li>\n<li>Assist\u00eancia odontol\u00f3gica<\/li>\n<li>SESC<\/li>\n<li>Vale transporte<\/li>\n<li>Programa de forma\u00e7\u00e3o<\/li>\n<li>Aniversariante do m\u00eas<\/li>\n<li>Modelo h\u00edbrido<\/li>\n<li>Parcerias com universidades<\/li>\n<li>Desconto farm\u00e1cia<\/li>\n<li>Totalpass<\/li>\n<li>Parcerias com cursos de idiomas<\/li>\n<li>A\u00e7\u00f5es motivacionais<\/li>\n<li>Incentivo ao esporte<\/li>\n<li>Participa\u00e7\u00e3o nos lucros<\/li>\n<\/ul>\n","protected":false},"excerpt":{"rendered":"<p>Imagine um local que sabe valorizar seus talentos, com um time que joga junto, respeita quem voc\u00ea \u00e9 e est\u00e1 sempre em busca da melhor qualidade no que faz. Essa \u00e9 a DPC! E voc\u00ea pode ser o pr\u00f3ximo membro da nossa equipe. Confira os detalhes da vaga e fa\u00e7a sua candidatura. Atividades: Lan\u00e7amentos\u00a0Cont\u00e1beis; An\u00e1lise\u00a0e\u00a0concilia\u00e7\u00e3o\u00a0de\u00a0contas; [&hellip;]<\/p>\n","protected":false},"author":1,"featured_media":0,"comment_status":"open","ping_status":"open","sticky":false,"template":"","format":"standard","meta":{"footnotes":""},"categories":[21],"tags":[],"class_list":["post-1462","post","type-post","status-publish","format-standard","hentry","category-rio-de-janeiro-rj"],"_links":{"self":[{"href":"https:\/\/vagas.portalemprego.com.br\/index.php?rest_route=\/wp\/v2\/posts\/1462","targetHints":{"allow":["GET"]}}],"collection":[{"href":"https:\/\/vagas.portalemprego.com.br\/index.php?rest_route=\/wp\/v2\/posts"}],"about":[{"href":"https:\/\/vagas.portalemprego.com.br\/index.php?rest_route=\/wp\/v2\/types\/post"}],"author":[{"embeddable":true,"href":"https:\/\/vagas.portalemprego.com.br\/index.php?rest_route=\/wp\/v2\/users\/1"}],"replies":[{"embeddable":true,"href":"https:\/\/vagas.portalemprego.com.br\/index.php?rest_route=%2Fwp%2Fv2%2Fcomments&post=1462"}],"version-history":[{"count":0,"href":"https:\/\/vagas.portalemprego.com.br\/index.php?rest_route=\/wp\/v2\/posts\/1462\/revisions"}],"wp:attachment":[{"href":"https:\/\/vagas.portalemprego.com.br\/index.php?rest_route=%2Fwp%2Fv2%2Fmedia&parent=1462"}],"wp:term":[{"taxonomy":"category","embeddable":true,"href":"https:\/\/vagas.portalemprego.com.br\/index.php?rest_route=%2Fwp%2Fv2%2Fcategories&post=1462"},{"taxonomy":"post_tag","embeddable":true,"href":"https:\/\/vagas.portalemprego.com.br\/index.php?rest_route=%2Fwp%2Fv2%2Ftags&post=1462"}],"curies":[{"name":"wp","href":"https:\/\/api.w.org\/{rel}","templated":true}]}}