{"id":1463,"date":"2026-04-29T06:04:04","date_gmt":"2026-04-29T09:04:04","guid":{"rendered":"https:\/\/vagas.portalemprego.com.br\/?p=1463"},"modified":"2026-04-29T06:04:04","modified_gmt":"2026-04-29T09:04:04","slug":"auxiliar-de-crm-marketing-rio-de-janeiro","status":"publish","type":"post","link":"https:\/\/vagas.portalemprego.com.br\/?p=1463","title":{"rendered":"Auxiliar de CRM &#8211; Marketing &#8211; Rio de Janeiro"},"content":{"rendered":"<p>Principais Responsabilidades<br \/>\nApoiar a cria\u00e7\u00e3o, configura\u00e7\u00e3o e disparo de campanhas de CRM em canais como e-mail, WhatsApp e SMS, garantindo qualidade operacional, segmenta\u00e7\u00e3o adequada e ader\u00eancia ao planejamento;<br \/>\nRealizar a segmenta\u00e7\u00e3o de clientes para as campanhas, com base em crit\u00e9rios como perfil, comportamento de compra, elegibilidade e momento da jornada;<br \/>\nApoiar o atendimento \u00e0s demandas de marcas parceiras de Trade Marketing, acompanhando briefings, prazos, mec\u00e2nicas promocionais e entregas de CRM;<br \/>\nAcompanhar a execu\u00e7\u00e3o de r\u00e9guas de relacionamento e a\u00e7\u00f5es direcionadas para p\u00fablicos espec\u00edficos, garantindo conformidade com as regras e diretrizes da \u00e1rea;<br \/>\nConsolidar e organizar informa\u00e7\u00f5es sobre campanhas, segmenta\u00e7\u00f5es, contrapartidas e resultados, contribuindo para o acompanhamento da opera\u00e7\u00e3o e para o alinhamento com parceiros internos e externos.<\/p>\n<p>Requisitos<br \/>\nEnsino superior em andamento em Comunica\u00e7\u00e3o Social, Publicidade e Propaganda, Marketing, Administra\u00e7\u00e3o, Ci\u00eancia de Dados ou \u00e1reas correlatas;<br \/>\nViv\u00eancia comprovada em CRM ou segmenta\u00e7\u00e3o de clientes;<br \/>\nExcel b\u00e1sico a intermedi\u00e1rio.<\/p>\n<p>Diferenciais<br \/>\nExperi\u00eancia pr\u00e9via com Trade Marketing, atendimento a clientes internos ou relacionamento com parceiros.<\/p>\n<p>Benef\u00edcios<br \/>\nVale Transporte<br \/>\nVale Refei\u00e7\u00e3o<br \/>\nCesta\u00a0b\u00e1sica<br \/>\nCesta\u00a0de\u00a0Natal<br \/>\nAssist\u00eancia\u00a0M\u00e9dica<br \/>\nAssist\u00eancia\u00a0Odontol\u00f3gica<br \/>\nConv\u00eanio com Institui\u00e7\u00f5es de Ensino<br \/>\nConv\u00eanio SESC<br \/>\nDescontos em Produtos e Vacina\u00e7\u00e3o<br \/>\nTotal\u00a0Pass<br \/>\nSeguro de Vida<br \/>\nPlataforma Wellz &#8211; Apoio Psicol\u00f3gico<\/p>\n<p>Jornada de Trabalho<br \/>\nPresencial<br \/>\n44 horas semanais<\/p>\n<p>Etapas do Processo<br \/>\nCadastro<br \/>\nEntrevista com o Recrutador<br \/>\nEntrevista com o Coordenador<br \/>\nProposta e ASO<br \/>\nContrata\u00e7\u00e3o<\/p>\n<ul>\n<li>Local de trabalho: Rio de Janeiro, RJ<\/li>\n<li>Regime de contrata\u00e7\u00e3o de tipo: Efetivo \u2013 CLT<\/li>\n<li>Jornada: Per\u00edodo Integral<\/li>\n<li>\u00c1rea e especializa\u00e7\u00e3o profissional: Marketing &#8211; Intelig\u00eancia de Mercado \/ Estrat\u00e9gia<\/li>\n<li>N\u00edvel hier\u00e1rquico: Auxiliar<\/li>\n<\/ul>\n<p>Escolaridade M\u00ednima: Ensino Superior<\/p>\n<ul>\n<li>Seguro de vida<\/li>\n<li>Assist\u00eancia m\u00e9dica<\/li>\n<li>Total Pass<\/li>\n<li>Descontos em Produtos e vacina\u00e7\u00e3o<\/li>\n<li>Conv\u00eanio Sesc<\/li>\n<li>Conv\u00eanio com institui\u00e7\u00f5es de ensino<\/li>\n<li>Cesta b\u00e1sica<\/li>\n<li>Plataforma Wellz<\/li>\n<li>Cesta de Natal<\/li>\n<li>Assist\u00eancia odontol\u00f3gica<\/li>\n<li>Vale-transporte<\/li>\n<li>Vale-refei\u00e7\u00e3o<\/li>\n<\/ul>\n","protected":false},"excerpt":{"rendered":"<p>Principais Responsabilidades Apoiar a cria\u00e7\u00e3o, configura\u00e7\u00e3o e disparo de campanhas de CRM em canais como e-mail, WhatsApp e SMS, garantindo qualidade operacional, segmenta\u00e7\u00e3o adequada e ader\u00eancia ao planejamento; Realizar a segmenta\u00e7\u00e3o de clientes para as campanhas, com base em crit\u00e9rios como perfil, comportamento de compra, elegibilidade e momento da jornada; Apoiar o atendimento \u00e0s demandas [&hellip;]<\/p>\n","protected":false},"author":1,"featured_media":0,"comment_status":"open","ping_status":"open","sticky":false,"template":"","format":"standard","meta":{"footnotes":""},"categories":[21],"tags":[],"class_list":["post-1463","post","type-post","status-publish","format-standard","hentry","category-rio-de-janeiro-rj"],"_links":{"self":[{"href":"https:\/\/vagas.portalemprego.com.br\/index.php?rest_route=\/wp\/v2\/posts\/1463","targetHints":{"allow":["GET"]}}],"collection":[{"href":"https:\/\/vagas.portalemprego.com.br\/index.php?rest_route=\/wp\/v2\/posts"}],"about":[{"href":"https:\/\/vagas.portalemprego.com.br\/index.php?rest_route=\/wp\/v2\/types\/post"}],"author":[{"embeddable":true,"href":"https:\/\/vagas.portalemprego.com.br\/index.php?rest_route=\/wp\/v2\/users\/1"}],"replies":[{"embeddable":true,"href":"https:\/\/vagas.portalemprego.com.br\/index.php?rest_route=%2Fwp%2Fv2%2Fcomments&post=1463"}],"version-history":[{"count":0,"href":"https:\/\/vagas.portalemprego.com.br\/index.php?rest_route=\/wp\/v2\/posts\/1463\/revisions"}],"wp:attachment":[{"href":"https:\/\/vagas.portalemprego.com.br\/index.php?rest_route=%2Fwp%2Fv2%2Fmedia&parent=1463"}],"wp:term":[{"taxonomy":"category","embeddable":true,"href":"https:\/\/vagas.portalemprego.com.br\/index.php?rest_route=%2Fwp%2Fv2%2Fcategories&post=1463"},{"taxonomy":"post_tag","embeddable":true,"href":"https:\/\/vagas.portalemprego.com.br\/index.php?rest_route=%2Fwp%2Fv2%2Ftags&post=1463"}],"curies":[{"name":"wp","href":"https:\/\/api.w.org\/{rel}","templated":true}]}}