{"id":1469,"date":"2026-04-29T06:04:04","date_gmt":"2026-04-29T09:04:04","guid":{"rendered":"https:\/\/vagas.portalemprego.com.br\/?p=1469"},"modified":"2026-04-29T06:04:04","modified_gmt":"2026-04-29T09:04:04","slug":"auxiliar-de-cabeamento-estruturado-informatica-ti-telecomunicacoes-rio-de-janeiro","status":"publish","type":"post","link":"https:\/\/vagas.portalemprego.com.br\/?p=1469","title":{"rendered":"AUXILIAR DE CABEAMENTO ESTRUTURADO &#8211; Inform\u00e1tica, TI, Telecomunica\u00e7\u00f5es &#8211; Rio de Janeiro"},"content":{"rendered":"<p>Atividades:<br \/>\nAuxiliar na execu\u00e7\u00e3o de cabeamento estruturado e cabeamento de rede;<br \/>\nApoiar na passagem, organiza\u00e7\u00e3o, identifica\u00e7\u00e3o e fixa\u00e7\u00e3o de cabos de rede conforme orienta\u00e7\u00e3o t\u00e9cnica;<br \/>\nAuxiliar na instala\u00e7\u00e3o, montagem e organiza\u00e7\u00e3o de racks, patch panels, switches e demais componentes de rede;<br \/>\nRealizar perfura\u00e7\u00f5es em paredes, lajes e pisos para passagem de cabos;<br \/>\nAuxiliar na instala\u00e7\u00e3o de eletrocalhas, eletrodutos, canaletas e suportes;<br \/>\nExecutar aberturas em paredes e pisos (quebra controlada) para cria\u00e7\u00e3o de rotas de infraestrutura;<br \/>\nApoiar na recomposi\u00e7\u00e3o b\u00e1sica de acabamentos ap\u00f3s passagem de cabos (quando necess\u00e1rio);<br \/>\nPreparar e organizar rotas para lan\u00e7amento de cabeamento;<br \/>\nOrganizar materiais, ferramentas e equipamentos utilizados nas atividades;<br \/>\nDar suporte geral \u00e0 equipe t\u00e9cnica nas demandas do dia a dia.<\/p>\n<p>Requisitos:<br \/>\nExperi\u00eancia na \u00e1rea de cabeamento estruturado e redes;<br \/>\nComprometimento e responsabilidade.<\/p>\n<p>Sal\u00e1rio: negociar<\/p>\n<p>Hor\u00e1rio:<br \/>\nSegunda a quinta-feira: 08:00 \u00e0s 18:00<br \/>\nSexta-feira: 08:00 \u00e0s 17:00<\/p>\n<p>Benef\u00edcios:<br \/>\nVale Alimenta\u00e7\u00e3o = R$ 800,00 (pago em dinheiro)<br \/>\nVale Transporte<br \/>\nSeguro de vida<br \/>\nPlano odontol\u00f3gico (ap\u00f3s a experi\u00eancia)<\/p>\n<p>Regime: CLT<\/p>\n<ul>\n<li>Local de trabalho: Rio de Janeiro, RJ<\/li>\n<li>Regime de contrata\u00e7\u00e3o de tipo: Efetivo \u2013 CLT<\/li>\n<li>Jornada: Per\u00edodo Integral<\/li>\n<li>\u00c1rea e especializa\u00e7\u00e3o profissional: Inform\u00e1tica, TI, Telecomunica\u00e7\u00f5es &#8211; Infraestrutura<\/li>\n<li>N\u00edvel hier\u00e1rquico: Operacional<\/li>\n<\/ul>\n<p>Escolaridade M\u00ednima: Ensino M\u00e9dio (2\u00ba Grau)<\/p>\n","protected":false},"excerpt":{"rendered":"<p>Atividades: Auxiliar na execu\u00e7\u00e3o de cabeamento estruturado e cabeamento de rede; Apoiar na passagem, organiza\u00e7\u00e3o, identifica\u00e7\u00e3o e fixa\u00e7\u00e3o de cabos de rede conforme orienta\u00e7\u00e3o t\u00e9cnica; Auxiliar na instala\u00e7\u00e3o, montagem e organiza\u00e7\u00e3o de racks, patch panels, switches e demais componentes de rede; Realizar perfura\u00e7\u00f5es em paredes, lajes e pisos para passagem de cabos; Auxiliar na instala\u00e7\u00e3o [&hellip;]<\/p>\n","protected":false},"author":1,"featured_media":0,"comment_status":"open","ping_status":"open","sticky":false,"template":"","format":"standard","meta":{"footnotes":""},"categories":[21],"tags":[],"class_list":["post-1469","post","type-post","status-publish","format-standard","hentry","category-rio-de-janeiro-rj"],"_links":{"self":[{"href":"https:\/\/vagas.portalemprego.com.br\/index.php?rest_route=\/wp\/v2\/posts\/1469","targetHints":{"allow":["GET"]}}],"collection":[{"href":"https:\/\/vagas.portalemprego.com.br\/index.php?rest_route=\/wp\/v2\/posts"}],"about":[{"href":"https:\/\/vagas.portalemprego.com.br\/index.php?rest_route=\/wp\/v2\/types\/post"}],"author":[{"embeddable":true,"href":"https:\/\/vagas.portalemprego.com.br\/index.php?rest_route=\/wp\/v2\/users\/1"}],"replies":[{"embeddable":true,"href":"https:\/\/vagas.portalemprego.com.br\/index.php?rest_route=%2Fwp%2Fv2%2Fcomments&post=1469"}],"version-history":[{"count":0,"href":"https:\/\/vagas.portalemprego.com.br\/index.php?rest_route=\/wp\/v2\/posts\/1469\/revisions"}],"wp:attachment":[{"href":"https:\/\/vagas.portalemprego.com.br\/index.php?rest_route=%2Fwp%2Fv2%2Fmedia&parent=1469"}],"wp:term":[{"taxonomy":"category","embeddable":true,"href":"https:\/\/vagas.portalemprego.com.br\/index.php?rest_route=%2Fwp%2Fv2%2Fcategories&post=1469"},{"taxonomy":"post_tag","embeddable":true,"href":"https:\/\/vagas.portalemprego.com.br\/index.php?rest_route=%2Fwp%2Fv2%2Ftags&post=1469"}],"curies":[{"name":"wp","href":"https:\/\/api.w.org\/{rel}","templated":true}]}}