{"id":1470,"date":"2026-04-29T06:04:04","date_gmt":"2026-04-29T09:04:04","guid":{"rendered":"https:\/\/vagas.portalemprego.com.br\/?p=1470"},"modified":"2026-04-29T06:04:04","modified_gmt":"2026-04-29T09:04:04","slug":"representante-comercial-comercial-vendas-marica","status":"publish","type":"post","link":"https:\/\/vagas.portalemprego.com.br\/?p=1470","title":{"rendered":"Representante Comercial &#8211; Comercial, Vendas &#8211; Maric\u00e1"},"content":{"rendered":"<p>Franquia do Grupo Botic\u00e1rio, em seu processo de expans\u00e3o, contrata Representante Comercial para atuar com produtos cosm\u00e9ticos  TRUSS, voltados para sal\u00f5es de beleza e perfumarias da regi\u00e3o.<br \/>\nSe voc\u00ea \u00e9 apaixonado por vendas, possui perfil din\u00e2mico e busca uma oportunidade desafiadora em uma empresa l\u00edder no mercado de cosm\u00e9ticos, essa vaga \u00e9 para voc\u00ea!<br \/>\nBuscamos profissionais com foco em resultados, habilidade em negocia\u00e7\u00e3o, boa comunica\u00e7\u00e3o e facilidade em desenvolver relacionamento com clientes. Ser\u00e1 respons\u00e1vel pela prospec\u00e7\u00e3o, positiva\u00e7\u00e3o de novos pontos de venda, gest\u00e3o de carteira ativa, acompanhamento de metas e fortalecimento da marca na regi\u00e3o de atua\u00e7\u00e3o.<\/p>\n<p>Remunera\u00e7\u00e3o: R$ 2.500,00 ( nos tr\u00eas primeiros meses) + Comiss\u00e3o<\/p>\n<p>O que voc\u00ea far\u00e1:<br \/>\nRealizar vendas B2B de produtos Truss para sal\u00f5es de beleza e estabelecimentos de cuidados pessoais.<br \/>\nIdentificar e prospectar novos clientes na sua regi\u00e3o.<br \/>\nApresentar nossos produtos de forma cativante e diferenciada.<br \/>\nNegociar condi\u00e7\u00f5es comerciais, pre\u00e7os e prazos de pagamento.<br \/>\nGarantir o suporte e a satisfa\u00e7\u00e3o dos clientes atuais.<br \/>\nPlanejar rotas de vendas eficientes e estrat\u00e9gicas.<br \/>\nParticipar de treinamentos para aprimorar habilidades de vendas e t\u00e9cnicas de negocia\u00e7\u00e3o.<\/p>\n<p>Requisitos Essenciais:<br \/>\nPossuir carro pr\u00f3prio e CNH B.<br \/>\nDisponibilidade para viagens.<br \/>\nExcelente relacionamento interpessoal.<\/p>\n<ul>\n<li>Local de trabalho: Maric\u00e1, RJ<\/li>\n<li>Regime de contrata\u00e7\u00e3o de tipo: Prestador de Servi\u00e7os (PJ)<\/li>\n<li>Jornada: Per\u00edodo Integral<\/li>\n<li>\u00c1rea e especializa\u00e7\u00e3o profissional: Comercial, Vendas &#8211; Representa\u00e7\u00e3o Comercial<\/li>\n<li>N\u00edvel hier\u00e1rquico: Especialista<\/li>\n<\/ul>\n<p>Escolaridade M\u00ednima: Ensino M\u00e9dio (2\u00ba Grau)<\/p>\n","protected":false},"excerpt":{"rendered":"<p>Franquia do Grupo Botic\u00e1rio, em seu processo de expans\u00e3o, contrata Representante Comercial para atuar com produtos cosm\u00e9ticos TRUSS, voltados para sal\u00f5es de beleza e perfumarias da regi\u00e3o. Se voc\u00ea \u00e9 apaixonado por vendas, possui perfil din\u00e2mico e busca uma oportunidade desafiadora em uma empresa l\u00edder no mercado de cosm\u00e9ticos, essa vaga \u00e9 para voc\u00ea! Buscamos [&hellip;]<\/p>\n","protected":false},"author":1,"featured_media":0,"comment_status":"open","ping_status":"open","sticky":false,"template":"","format":"standard","meta":{"footnotes":""},"categories":[21],"tags":[],"class_list":["post-1470","post","type-post","status-publish","format-standard","hentry","category-rio-de-janeiro-rj"],"_links":{"self":[{"href":"https:\/\/vagas.portalemprego.com.br\/index.php?rest_route=\/wp\/v2\/posts\/1470","targetHints":{"allow":["GET"]}}],"collection":[{"href":"https:\/\/vagas.portalemprego.com.br\/index.php?rest_route=\/wp\/v2\/posts"}],"about":[{"href":"https:\/\/vagas.portalemprego.com.br\/index.php?rest_route=\/wp\/v2\/types\/post"}],"author":[{"embeddable":true,"href":"https:\/\/vagas.portalemprego.com.br\/index.php?rest_route=\/wp\/v2\/users\/1"}],"replies":[{"embeddable":true,"href":"https:\/\/vagas.portalemprego.com.br\/index.php?rest_route=%2Fwp%2Fv2%2Fcomments&post=1470"}],"version-history":[{"count":0,"href":"https:\/\/vagas.portalemprego.com.br\/index.php?rest_route=\/wp\/v2\/posts\/1470\/revisions"}],"wp:attachment":[{"href":"https:\/\/vagas.portalemprego.com.br\/index.php?rest_route=%2Fwp%2Fv2%2Fmedia&parent=1470"}],"wp:term":[{"taxonomy":"category","embeddable":true,"href":"https:\/\/vagas.portalemprego.com.br\/index.php?rest_route=%2Fwp%2Fv2%2Fcategories&post=1470"},{"taxonomy":"post_tag","embeddable":true,"href":"https:\/\/vagas.portalemprego.com.br\/index.php?rest_route=%2Fwp%2Fv2%2Ftags&post=1470"}],"curies":[{"name":"wp","href":"https:\/\/api.w.org\/{rel}","templated":true}]}}