{"id":1472,"date":"2026-04-29T06:04:04","date_gmt":"2026-04-29T09:04:04","guid":{"rendered":"https:\/\/vagas.portalemprego.com.br\/?p=1472"},"modified":"2026-04-29T06:04:04","modified_gmt":"2026-04-29T09:04:04","slug":"promotor-de-trade-marketing-comercial-vendas-sao-goncalo","status":"publish","type":"post","link":"https:\/\/vagas.portalemprego.com.br\/?p=1472","title":{"rendered":"PROMOTOR DE TRADE MARKETING &#8211; Comercial, Vendas &#8211; S\u00e3o Gon\u00e7alo"},"content":{"rendered":"<p>PROMOTOR DE TRADE MARKETING<br \/>\nCOBERTURA DE F\u00c9RIAS &#8211; COM ASSINATURA EM CARTEIRA TEMPOR\u00c1RIO (1 M\u00caS)<br \/>\nTer\u00a0experi\u00eancias\u00a0como\u00a0promotor<br \/>\nTer\u00a0realizado\u00a0rotas<br \/>\nExperi\u00eancias\u00a0com\u00a0uso\u00a0de\u00a0aplicativos\u00a0de\u00a0pesquisa\u00a0e\u00a0coleta\u00a0de\u00a0dados<br \/>\nCheck\u00a0in\u00a0e\u00a0Check\u00a0Out<br \/>\nSal\u00e1rio\u00a0R$\u00a01628,00 +\u00a0VT\u00a0\u00a0+\u00a0VR 27,60<\/p>\n<ul>\n<li>Local de trabalho: S\u00e3o Gon\u00e7alo, RJ<\/li>\n<li>Regime de contrata\u00e7\u00e3o de tipo: Tempor\u00e1rio<\/li>\n<li>Jornada: Per\u00edodo Integral<\/li>\n<li>\u00c1rea e especializa\u00e7\u00e3o profissional: Comercial, Vendas &#8211; Demonstrador \/ Promotor<\/li>\n<li>N\u00edvel hier\u00e1rquico: Operacional<\/li>\n<\/ul>\n<p>VALORIZADO<\/p>\n<p>Tempo de experi\u00eancia: Menos de 1 ano<\/p>\n<p>Escolaridade M\u00ednima: Ensino M\u00e9dio (2\u00ba Grau)<\/p>\n<p>Sal\u00e1rio: 1628,0<\/p>\n","protected":false},"excerpt":{"rendered":"<p>PROMOTOR DE TRADE MARKETING COBERTURA DE F\u00c9RIAS &#8211; COM ASSINATURA EM CARTEIRA TEMPOR\u00c1RIO (1 M\u00caS) Ter\u00a0experi\u00eancias\u00a0como\u00a0promotor Ter\u00a0realizado\u00a0rotas Experi\u00eancias\u00a0com\u00a0uso\u00a0de\u00a0aplicativos\u00a0de\u00a0pesquisa\u00a0e\u00a0coleta\u00a0de\u00a0dados Check\u00a0in\u00a0e\u00a0Check\u00a0Out Sal\u00e1rio\u00a0R$\u00a01628,00 +\u00a0VT\u00a0\u00a0+\u00a0VR 27,60 Local de trabalho: S\u00e3o Gon\u00e7alo, RJ Regime de contrata\u00e7\u00e3o de tipo: Tempor\u00e1rio Jornada: Per\u00edodo Integral \u00c1rea e especializa\u00e7\u00e3o profissional: Comercial, Vendas &#8211; Demonstrador \/ Promotor N\u00edvel hier\u00e1rquico: Operacional VALORIZADO Tempo de experi\u00eancia: Menos [&hellip;]<\/p>\n","protected":false},"author":1,"featured_media":0,"comment_status":"open","ping_status":"open","sticky":false,"template":"","format":"standard","meta":{"footnotes":""},"categories":[21],"tags":[],"class_list":["post-1472","post","type-post","status-publish","format-standard","hentry","category-rio-de-janeiro-rj"],"_links":{"self":[{"href":"https:\/\/vagas.portalemprego.com.br\/index.php?rest_route=\/wp\/v2\/posts\/1472","targetHints":{"allow":["GET"]}}],"collection":[{"href":"https:\/\/vagas.portalemprego.com.br\/index.php?rest_route=\/wp\/v2\/posts"}],"about":[{"href":"https:\/\/vagas.portalemprego.com.br\/index.php?rest_route=\/wp\/v2\/types\/post"}],"author":[{"embeddable":true,"href":"https:\/\/vagas.portalemprego.com.br\/index.php?rest_route=\/wp\/v2\/users\/1"}],"replies":[{"embeddable":true,"href":"https:\/\/vagas.portalemprego.com.br\/index.php?rest_route=%2Fwp%2Fv2%2Fcomments&post=1472"}],"version-history":[{"count":0,"href":"https:\/\/vagas.portalemprego.com.br\/index.php?rest_route=\/wp\/v2\/posts\/1472\/revisions"}],"wp:attachment":[{"href":"https:\/\/vagas.portalemprego.com.br\/index.php?rest_route=%2Fwp%2Fv2%2Fmedia&parent=1472"}],"wp:term":[{"taxonomy":"category","embeddable":true,"href":"https:\/\/vagas.portalemprego.com.br\/index.php?rest_route=%2Fwp%2Fv2%2Fcategories&post=1472"},{"taxonomy":"post_tag","embeddable":true,"href":"https:\/\/vagas.portalemprego.com.br\/index.php?rest_route=%2Fwp%2Fv2%2Ftags&post=1472"}],"curies":[{"name":"wp","href":"https:\/\/api.w.org\/{rel}","templated":true}]}}