{"id":1473,"date":"2026-04-29T06:04:04","date_gmt":"2026-04-29T09:04:04","guid":{"rendered":"https:\/\/vagas.portalemprego.com.br\/?p=1473"},"modified":"2026-04-29T06:04:04","modified_gmt":"2026-04-29T09:04:04","slug":"serralheiro-industrial-producao-fabrica-petropolis","status":"publish","type":"post","link":"https:\/\/vagas.portalemprego.com.br\/?p=1473","title":{"rendered":"Serralheiro &#8211; Industrial, Produ\u00e7\u00e3o, F\u00e1brica &#8211; Petr\u00f3polis"},"content":{"rendered":"<p>Executar servi\u00e7os de serralheria, trabalhando o material , medindo, riscando, furando , cortando , torcendo e unindo partes por meio de parafusos , rebites, soldas e outros, de acordo com as especifica\u00e7\u00f5es de projetos , para reparar, confeccionar e montar estruturas met\u00e1licas em geral. Executar manuten\u00e7\u00e3o preventiva e corretiva em utens\u00edlios e instala\u00e7\u00f5es met\u00e1licas das depend\u00eancias m para restaurar condi\u00e7\u00f5es de conserva\u00e7\u00e3o e utiliza\u00e7\u00e3o.<\/p>\n<ul>\n<li>Local de trabalho: Petr\u00f3polis, RJ<\/li>\n<li>Regime de contrata\u00e7\u00e3o de tipo: Efetivo \u2013 CLT<\/li>\n<li>Jornada: Per\u00edodo Integral<\/li>\n<li>\u00c1rea e especializa\u00e7\u00e3o profissional: Industrial, Produ\u00e7\u00e3o, F\u00e1brica &#8211; Serralheiria<\/li>\n<li>N\u00edvel hier\u00e1rquico: Operacional<\/li>\n<\/ul>\n<p>VALORIZADO<\/p>\n<p>Tempo de experi\u00eancia: Menos de 1 ano<\/p>\n<p>Escolaridade M\u00ednima: Ensino M\u00e9dio (2\u00ba Grau)<\/p>\n<p>Sal\u00e1rio: 2728,33<\/p>\n","protected":false},"excerpt":{"rendered":"<p>Executar servi\u00e7os de serralheria, trabalhando o material , medindo, riscando, furando , cortando , torcendo e unindo partes por meio de parafusos , rebites, soldas e outros, de acordo com as especifica\u00e7\u00f5es de projetos , para reparar, confeccionar e montar estruturas met\u00e1licas em geral. Executar manuten\u00e7\u00e3o preventiva e corretiva em utens\u00edlios e instala\u00e7\u00f5es met\u00e1licas das [&hellip;]<\/p>\n","protected":false},"author":1,"featured_media":0,"comment_status":"open","ping_status":"open","sticky":false,"template":"","format":"standard","meta":{"footnotes":""},"categories":[21],"tags":[],"class_list":["post-1473","post","type-post","status-publish","format-standard","hentry","category-rio-de-janeiro-rj"],"_links":{"self":[{"href":"https:\/\/vagas.portalemprego.com.br\/index.php?rest_route=\/wp\/v2\/posts\/1473","targetHints":{"allow":["GET"]}}],"collection":[{"href":"https:\/\/vagas.portalemprego.com.br\/index.php?rest_route=\/wp\/v2\/posts"}],"about":[{"href":"https:\/\/vagas.portalemprego.com.br\/index.php?rest_route=\/wp\/v2\/types\/post"}],"author":[{"embeddable":true,"href":"https:\/\/vagas.portalemprego.com.br\/index.php?rest_route=\/wp\/v2\/users\/1"}],"replies":[{"embeddable":true,"href":"https:\/\/vagas.portalemprego.com.br\/index.php?rest_route=%2Fwp%2Fv2%2Fcomments&post=1473"}],"version-history":[{"count":0,"href":"https:\/\/vagas.portalemprego.com.br\/index.php?rest_route=\/wp\/v2\/posts\/1473\/revisions"}],"wp:attachment":[{"href":"https:\/\/vagas.portalemprego.com.br\/index.php?rest_route=%2Fwp%2Fv2%2Fmedia&parent=1473"}],"wp:term":[{"taxonomy":"category","embeddable":true,"href":"https:\/\/vagas.portalemprego.com.br\/index.php?rest_route=%2Fwp%2Fv2%2Fcategories&post=1473"},{"taxonomy":"post_tag","embeddable":true,"href":"https:\/\/vagas.portalemprego.com.br\/index.php?rest_route=%2Fwp%2Fv2%2Ftags&post=1473"}],"curies":[{"name":"wp","href":"https:\/\/api.w.org\/{rel}","templated":true}]}}