{"id":1475,"date":"2026-04-29T06:04:04","date_gmt":"2026-04-29T09:04:04","guid":{"rendered":"https:\/\/vagas.portalemprego.com.br\/?p=1475"},"modified":"2026-04-29T06:04:04","modified_gmt":"2026-04-29T09:04:04","slug":"estagiarioa-de-marketing-marketing-rio-de-janeiro","status":"publish","type":"post","link":"https:\/\/vagas.portalemprego.com.br\/?p=1475","title":{"rendered":"Estagi\u00e1rio(a) de Marketing &#8211; Marketing &#8211; Rio de Janeiro"},"content":{"rendered":"<p>Nosso time de Marketing est\u00e1 crescendo e estamos \u00e0 procura de pessoas que sejam inovadoras, focadas em resultado, criativas, que curtam trabalhar com redes sociais e produ\u00e7\u00e3o de conte\u00fado para participar do nosso Time  como Estagi\u00e1rio(a) no setor!<\/p>\n<p>RESPONSABILIDADES E ATRIBUI\u00c7\u00d5ES<\/p>\n<p>Nosso Estagi\u00e1rio(a) de Marketing \u00e9 uma pe\u00e7a chave para a inova\u00e7\u00e3o e desenvolvimento do setor, sendo suas responsabilidades:<\/p>\n<p>&#8211; Atendimento de m\u00eddias sociais;<br \/>\n&#8211; Cria\u00e7\u00e3o de legendas;<br \/>\n&#8211; Programa\u00e7\u00e3o de posts;<br \/>\n&#8211; Auxiliar na organiza\u00e7\u00e3o de parcerias com influenciadores;<br \/>\n&#8211; Realizar a consulta de estoque, solicita\u00e7\u00e3o e separa\u00e7\u00e3o de produtos;<br \/>\n&#8211; Auxiliar na atualiza\u00e7\u00e3o de despesas do setor.<\/p>\n<p>Se interessou pela nossa oportunidade? N\u00e3o fique fora dessa, confira quais s\u00e3o os pr\u00e9-requisitos para participar do nosso time: <\/p>\n<p>&#8211; Ensino superior cursando em Comunica\u00e7\u00e3o Social, Marketing, Publicidade ou \u00e1reas correlatas;<br \/>\n&#8211; Ser comunicativo e criativo;<br \/>\n&#8211; Habilidades com escrita;<br \/>\n&#8211; Possuir experi\u00eancia com cria\u00e7\u00e3o de conte\u00fado para as redes sociais ser\u00e1 um diferencial.<\/p>\n<p>Hor\u00e1rio: Segunda a sexta de 9h as 16h, com uma hora de almo\u00e7o. Modelo h\u00edbrido (3x presencial e 2x home office)<br \/>\nBolsa est\u00e1gio no valor de R$ 1.570,00 + Vale transporte<\/p>\n<ul>\n<li>Local de trabalho: Rio de Janeiro, RJ<\/li>\n<li>Regime de contrata\u00e7\u00e3o de tipo: Est\u00e1gio<\/li>\n<li>Jornada: Per\u00edodo Integral<\/li>\n<li>\u00c1rea e especializa\u00e7\u00e3o profissional: Marketing &#8211; Marketing<\/li>\n<li>N\u00edvel hier\u00e1rquico: Estagi\u00e1rio<\/li>\n<\/ul>\n<p>VALORIZADO<\/p>\n<p>Tempo de experi\u00eancia: S\u00f3 est\u00e1gios<\/p>\n<p>Escolaridade M\u00ednima: Ensino Superior<\/p>\n<p>Forma\u00e7\u00e3o desejada:<\/p>\n<ul>\n<li>Publicidade e propaganda, Ensino Superior<\/li>\n<li>Marketing, Ensino Superior<\/li>\n<\/ul>\n<ul>\n<li>Seguro de Vida<\/li>\n<li>Vale Transporte<\/li>\n<li>Conv\u00eanios educacionais<\/li>\n<li>Blza Benef\u00edcios<\/li>\n<\/ul>\n<p>Sal\u00e1rio: 1360,0<\/p>\n","protected":false},"excerpt":{"rendered":"<p>Nosso time de Marketing est\u00e1 crescendo e estamos \u00e0 procura de pessoas que sejam inovadoras, focadas em resultado, criativas, que curtam trabalhar com redes sociais e produ\u00e7\u00e3o de conte\u00fado para participar do nosso Time como Estagi\u00e1rio(a) no setor! RESPONSABILIDADES E ATRIBUI\u00c7\u00d5ES Nosso Estagi\u00e1rio(a) de Marketing \u00e9 uma pe\u00e7a chave para a inova\u00e7\u00e3o e desenvolvimento do [&hellip;]<\/p>\n","protected":false},"author":1,"featured_media":0,"comment_status":"open","ping_status":"open","sticky":false,"template":"","format":"standard","meta":{"footnotes":""},"categories":[21],"tags":[],"class_list":["post-1475","post","type-post","status-publish","format-standard","hentry","category-rio-de-janeiro-rj"],"_links":{"self":[{"href":"https:\/\/vagas.portalemprego.com.br\/index.php?rest_route=\/wp\/v2\/posts\/1475","targetHints":{"allow":["GET"]}}],"collection":[{"href":"https:\/\/vagas.portalemprego.com.br\/index.php?rest_route=\/wp\/v2\/posts"}],"about":[{"href":"https:\/\/vagas.portalemprego.com.br\/index.php?rest_route=\/wp\/v2\/types\/post"}],"author":[{"embeddable":true,"href":"https:\/\/vagas.portalemprego.com.br\/index.php?rest_route=\/wp\/v2\/users\/1"}],"replies":[{"embeddable":true,"href":"https:\/\/vagas.portalemprego.com.br\/index.php?rest_route=%2Fwp%2Fv2%2Fcomments&post=1475"}],"version-history":[{"count":0,"href":"https:\/\/vagas.portalemprego.com.br\/index.php?rest_route=\/wp\/v2\/posts\/1475\/revisions"}],"wp:attachment":[{"href":"https:\/\/vagas.portalemprego.com.br\/index.php?rest_route=%2Fwp%2Fv2%2Fmedia&parent=1475"}],"wp:term":[{"taxonomy":"category","embeddable":true,"href":"https:\/\/vagas.portalemprego.com.br\/index.php?rest_route=%2Fwp%2Fv2%2Fcategories&post=1475"},{"taxonomy":"post_tag","embeddable":true,"href":"https:\/\/vagas.portalemprego.com.br\/index.php?rest_route=%2Fwp%2Fv2%2Ftags&post=1475"}],"curies":[{"name":"wp","href":"https:\/\/api.w.org\/{rel}","templated":true}]}}