{"id":1479,"date":"2026-04-29T06:05:05","date_gmt":"2026-04-29T09:05:05","guid":{"rendered":"https:\/\/vagas.portalemprego.com.br\/?p=1479"},"modified":"2026-04-29T06:05:05","modified_gmt":"2026-04-29T09:05:05","slug":"especialista-de-desembaraco-aduaneiro-vaga-afirmativa-tambem-para-o-publico-pcd-administracao-rio-de-janeiro-2","status":"publish","type":"post","link":"https:\/\/vagas.portalemprego.com.br\/?p=1479","title":{"rendered":"Especialista de Desembara\u00e7o Aduaneiro &#8211; Vaga Afirmativa tamb\u00e9m para o p\u00fablico PCD &#8211; Administra\u00e7\u00e3o &#8211; Rio de Janeiro"},"content":{"rendered":"<p>Esta vaga tamb\u00e9m \u00e9 destinada a Pessoas com Defici\u00eancia (PCD). Valorizamos a diversidade e incentivamos a candidatura de profissionais de todos os perfis. Gerenciar todos os processos de Admiss\u00e3o Tempor\u00e1ria, garantindo total conformidade com as regulamenta\u00e7\u00f5es alfandeg\u00e1rias aplic\u00e1veis, requisitos legais, prazos e procedimentos internos, al\u00e9m de orientar as equipes envolvidas sobre riscos, obriga\u00e7\u00f5es e impactos operacionais. Preparar e submeter os registros DI, DSI, DSE e DUE com alto n\u00edvel de precis\u00e3o, assegurando que todas as informa\u00e7\u00f5es estejam completas, consistentes e alinhadas com a legisla\u00e7\u00e3o alfandeg\u00e1ria e a documenta\u00e7\u00e3o t\u00e9cnica das mercadorias. Atuar de forma direta e proativa junto \u00e0 Receita Federal e outras ag\u00eancias reguladoras, monitorando continuamente an\u00e1lises, requisitos, libera\u00e7\u00f5es e quaisquer solicita\u00e7\u00f5es adicionais, mantendo uma comunica\u00e7\u00e3o clara com as partes interessadas internas e externas para garantir a fluidez do processo. Monitorar inspe\u00e7\u00f5es f\u00edsicas, vistorias e procedimentos de coleta de amostras, garantindo total conformidade com as normas alfandeg\u00e1rias, representa\u00e7\u00e3o adequada da empresa durante as inspe\u00e7\u00f5es e mitiga\u00e7\u00e3o de riscos operacionais. Questionar os requisitos fiscais e administrativos, preparando justificativas t\u00e9cnicas bem fundamentadas, interpretando a legisla\u00e7\u00e3o aplic\u00e1vel e garantindo a defesa adequada dos interesses da empresa. Analisar a documenta\u00e7\u00e3o t\u00e9cnica das mercadorias, revisando especifica\u00e7\u00f5es, caracter\u00edsticas, uso pretendido e todos os elementos necess\u00e1rios para a correta instru\u00e7\u00e3o de importa\u00e7\u00e3o. e processos de exporta\u00e7\u00e3o. Avaliar e validar a Classifica\u00e7\u00e3o Tarif\u00e1ria das mercadorias (CTM), levando em considera\u00e7\u00e3o regulamentos, notas explicativas e interpreta\u00e7\u00e3o t\u00e9cnica para garantir a correta aplica\u00e7\u00e3o das normas aduaneiras e minimizar os riscos tribut\u00e1rios. Coletar, organizar e consolidar dados operacionais, gerando informa\u00e7\u00f5es para apoiar auditorias internas, an\u00e1lises de desempenho, acompanhamento de KPIs e tomada de decis\u00f5es estrat\u00e9gicas pela gest\u00e3o. Solicitar, acompanhar e interpretar relat\u00f3rios t\u00e9cnicos emitidos por laborat\u00f3rios ou entidades certificadoras sempre que tais documentos forem necess\u00e1rios para processos aduaneiros ou para verifica\u00e7\u00e3o das caracter\u00edsticas do produto. Atualizar e manter os sistemas de controle interno, garantindo o registro preciso de informa\u00e7\u00f5es, documentos, prazos, libera\u00e7\u00f5es e movimenta\u00e7\u00f5es, assegurando rastreabilidade completa e integridade dos dados ao longo de todo o ciclo operacional. No ManpowerGroup, a sua carreira tem um novo rumo! Se voc\u00ea est\u00e1 em busca de crescimento, desafios e um ambiente que valoriza o seu potencial, venha fazer parte do nosso time. Aqui, cada talento \u00e9 reconhecido e valorizado. Candidate-se agora e transforme seu futuro com a gente !<br \/>\nRequisitos e qualifica\u00e7\u00f5es<br \/>\nEnsino superior completo; Imprescind\u00edvel ter experi\u00eancia em processos de desembara\u00e7o aduaneiro com regimes especiais (registro de DI e DUE), ter experi\u00eancia em tratamento com \u00f3rg\u00e3os anuentes. ter experi\u00eancia em pacote office (WORD e EXCEL). Desej\u00e1vel conhecimento de smartsheet. Experi\u00eancia em an\u00e1lise de dados das plataformas digitais. Disponibilidade para trabalho aos fins de semana conforme necessidade e Hora Extra. Gradua\u00e7\u00e3o Completa: Rela\u00e7\u00f5es Internacionais ou COMEX. #Com\u00e9rcioExterior #Gest\u00e3oAduaneira #Importa\u00e7\u00e3oEExporta\u00e7\u00e3o #Compliance #Classifica\u00e7\u00e3oTarif\u00e1ria #VagasManpower<\/p>\n<ul>\n<li>Local de trabalho: Rio de Janeiro, RJ<\/li>\n<li>Regime de contrata\u00e7\u00e3o de tipo: Efetivo \u2013 CLT<\/li>\n<li>Jornada: Per\u00edodo Integral<\/li>\n<li>\u00c1rea e especializa\u00e7\u00e3o profissional: Administra\u00e7\u00e3o &#8211; Administra\u00e7\u00e3o Geral<\/li>\n<li>N\u00edvel hier\u00e1rquico: Especialista<\/li>\n<\/ul>\n<p>Escolaridade M\u00ednima: Ensino Superior<\/p>\n","protected":false},"excerpt":{"rendered":"<p>Esta vaga tamb\u00e9m \u00e9 destinada a Pessoas com Defici\u00eancia (PCD). Valorizamos a diversidade e incentivamos a candidatura de profissionais de todos os perfis. Gerenciar todos os processos de Admiss\u00e3o Tempor\u00e1ria, garantindo total conformidade com as regulamenta\u00e7\u00f5es alfandeg\u00e1rias aplic\u00e1veis, requisitos legais, prazos e procedimentos internos, al\u00e9m de orientar as equipes envolvidas sobre riscos, obriga\u00e7\u00f5es e impactos [&hellip;]<\/p>\n","protected":false},"author":1,"featured_media":0,"comment_status":"open","ping_status":"open","sticky":false,"template":"","format":"standard","meta":{"footnotes":""},"categories":[21],"tags":[],"class_list":["post-1479","post","type-post","status-publish","format-standard","hentry","category-rio-de-janeiro-rj"],"_links":{"self":[{"href":"https:\/\/vagas.portalemprego.com.br\/index.php?rest_route=\/wp\/v2\/posts\/1479","targetHints":{"allow":["GET"]}}],"collection":[{"href":"https:\/\/vagas.portalemprego.com.br\/index.php?rest_route=\/wp\/v2\/posts"}],"about":[{"href":"https:\/\/vagas.portalemprego.com.br\/index.php?rest_route=\/wp\/v2\/types\/post"}],"author":[{"embeddable":true,"href":"https:\/\/vagas.portalemprego.com.br\/index.php?rest_route=\/wp\/v2\/users\/1"}],"replies":[{"embeddable":true,"href":"https:\/\/vagas.portalemprego.com.br\/index.php?rest_route=%2Fwp%2Fv2%2Fcomments&post=1479"}],"version-history":[{"count":0,"href":"https:\/\/vagas.portalemprego.com.br\/index.php?rest_route=\/wp\/v2\/posts\/1479\/revisions"}],"wp:attachment":[{"href":"https:\/\/vagas.portalemprego.com.br\/index.php?rest_route=%2Fwp%2Fv2%2Fmedia&parent=1479"}],"wp:term":[{"taxonomy":"category","embeddable":true,"href":"https:\/\/vagas.portalemprego.com.br\/index.php?rest_route=%2Fwp%2Fv2%2Fcategories&post=1479"},{"taxonomy":"post_tag","embeddable":true,"href":"https:\/\/vagas.portalemprego.com.br\/index.php?rest_route=%2Fwp%2Fv2%2Ftags&post=1479"}],"curies":[{"name":"wp","href":"https:\/\/api.w.org\/{rel}","templated":true}]}}