{"id":1480,"date":"2026-04-29T06:05:05","date_gmt":"2026-04-29T09:05:05","guid":{"rendered":"https:\/\/vagas.portalemprego.com.br\/?p=1480"},"modified":"2026-04-29T06:05:05","modified_gmt":"2026-04-29T09:05:05","slug":"executivo-de-negocios-comercial-vendas-rio-de-janeiro","status":"publish","type":"post","link":"https:\/\/vagas.portalemprego.com.br\/?p=1480","title":{"rendered":"Executivo de Neg\u00f3cios &#8211; Comercial, Vendas &#8211; Rio de Janeiro"},"content":{"rendered":"<p>Oportunidade: Estamos em busca de um Executivo de Neg\u00f3cios para se juntar ao nosso time. O cargo exige comprometimento e habilidade para gerenciar projetos e colaborar com diferentes \u00e1reas.<br \/>\nFun\u00e7\u00f5es:<br \/>\nAtuar de forma ativa na prospec\u00e7\u00e3o e capta\u00e7\u00e3o de novos clientes.<br \/>\nDesenvolver oportunidades comerciais e ampliar a carteira da empresa.<br \/>\nRealizar contatos, visitas, apresenta\u00e7\u00f5es e follow-ups comerciais.<br \/>\nIdentificar demandas e oportunidades junto aos clientes.<br \/>\nElaborar e conduzir negocia\u00e7\u00f5es comerciais.<br \/>\nAcompanhar propostas, or\u00e7amentos e fechamentos.<br \/>\nManter relacionamento com clientes ativos e buscar novas frentes de atua\u00e7\u00e3o.<br \/>\nAcompanhar o andamento comercial dos contratos e projetos ap\u00f3s o fechamento.<br \/>\nFazer a interface entre o cliente e a gest\u00e3o t\u00e9cnica, acompanhando o progresso das obras e servi\u00e7os.<br \/>\nGarantir alinhamento de expectativas entre cliente, comercial e opera\u00e7\u00e3o.<br \/>\nAtuar no p\u00f3s-venda, fortalecendo relacionamento e identificando novas oportunidades.<br \/>\nAlimentar controles, pipeline e rotinas de acompanhamento comercial.<br \/>\nRequisitos:<br \/>\nViv\u00eancia comercial em empresas de servi\u00e7os, tecnologia, infraestrutura ou solu\u00e7\u00f5es corporativas.<br \/>\nFamiliaridade com os segmentos de infraestrutura de redes, CFTV, controle de acesso, inc\u00eandio e TI.<br \/>\nExperi\u00eancia com prospec\u00e7\u00e3o, negocia\u00e7\u00e3o, follow-up e p\u00f3s-venda.<br \/>\nHabilidades de comunica\u00e7\u00e3o eficaz. <\/p>\n<p>Benef\u00edcios:<br \/>\nOferecemos um ambiente de trabalho colaborativo<br \/>\nAmbiente de trabalho seguro e agrad\u00e1vel<\/p>\n<p>Esta oportunidade \u00e9 presencial  com prospec\u00e7\u00e3o de clientes em todo o Estado do Rio de Janeiro.<\/p>\n<ul>\n<li>Local de trabalho: Rio de Janeiro, RJ<\/li>\n<li>Regime de contrata\u00e7\u00e3o de tipo: Efetivo \u2013 CLT<\/li>\n<li>Jornada: Per\u00edodo Integral<\/li>\n<li>\u00c1rea e especializa\u00e7\u00e3o profissional: Comercial, Vendas &#8211; Venda Externa<\/li>\n<li>N\u00edvel hier\u00e1rquico: Gerente<\/li>\n<\/ul>\n<p>VALORIZADO<\/p>\n<p>Tempo de experi\u00eancia: Entre 5 e 10 anos<\/p>\n<p>HABILIDADES<\/p>\n<ul>\n<li>Gest\u00e3o de projetos<\/li>\n<li>Estrat\u00e9gias de vendas<\/li>\n<li>relacionamento interpessoal<\/li>\n<li>Proatividade<\/li>\n<li>Comunica\u00e7\u00e3o<\/li>\n<\/ul>\n<p>Escolaridade M\u00ednima: Ensino Superior<\/p>\n<p>Habilita\u00e7\u00e3o para dirigir: B<\/p>\n<ul>\n<li>Vale-refei\u00e7\u00e3o<\/li>\n<li>Plano de Sa\u00fade<\/li>\n<li>Plano oddontol\u00f3gico<\/li>\n<li>Comiss\u00f5es<\/li>\n<li>wellhub<\/li>\n<\/ul>\n","protected":false},"excerpt":{"rendered":"<p>Oportunidade: Estamos em busca de um Executivo de Neg\u00f3cios para se juntar ao nosso time. O cargo exige comprometimento e habilidade para gerenciar projetos e colaborar com diferentes \u00e1reas. Fun\u00e7\u00f5es: Atuar de forma ativa na prospec\u00e7\u00e3o e capta\u00e7\u00e3o de novos clientes. Desenvolver oportunidades comerciais e ampliar a carteira da empresa. Realizar contatos, visitas, apresenta\u00e7\u00f5es e [&hellip;]<\/p>\n","protected":false},"author":1,"featured_media":0,"comment_status":"open","ping_status":"open","sticky":false,"template":"","format":"standard","meta":{"footnotes":""},"categories":[21],"tags":[],"class_list":["post-1480","post","type-post","status-publish","format-standard","hentry","category-rio-de-janeiro-rj"],"_links":{"self":[{"href":"https:\/\/vagas.portalemprego.com.br\/index.php?rest_route=\/wp\/v2\/posts\/1480","targetHints":{"allow":["GET"]}}],"collection":[{"href":"https:\/\/vagas.portalemprego.com.br\/index.php?rest_route=\/wp\/v2\/posts"}],"about":[{"href":"https:\/\/vagas.portalemprego.com.br\/index.php?rest_route=\/wp\/v2\/types\/post"}],"author":[{"embeddable":true,"href":"https:\/\/vagas.portalemprego.com.br\/index.php?rest_route=\/wp\/v2\/users\/1"}],"replies":[{"embeddable":true,"href":"https:\/\/vagas.portalemprego.com.br\/index.php?rest_route=%2Fwp%2Fv2%2Fcomments&post=1480"}],"version-history":[{"count":0,"href":"https:\/\/vagas.portalemprego.com.br\/index.php?rest_route=\/wp\/v2\/posts\/1480\/revisions"}],"wp:attachment":[{"href":"https:\/\/vagas.portalemprego.com.br\/index.php?rest_route=%2Fwp%2Fv2%2Fmedia&parent=1480"}],"wp:term":[{"taxonomy":"category","embeddable":true,"href":"https:\/\/vagas.portalemprego.com.br\/index.php?rest_route=%2Fwp%2Fv2%2Fcategories&post=1480"},{"taxonomy":"post_tag","embeddable":true,"href":"https:\/\/vagas.portalemprego.com.br\/index.php?rest_route=%2Fwp%2Fv2%2Ftags&post=1480"}],"curies":[{"name":"wp","href":"https:\/\/api.w.org\/{rel}","templated":true}]}}