{"id":1482,"date":"2026-04-29T06:05:05","date_gmt":"2026-04-29T09:05:05","guid":{"rendered":"https:\/\/vagas.portalemprego.com.br\/?p=1482"},"modified":"2026-04-29T06:05:05","modified_gmt":"2026-04-29T09:05:05","slug":"assistente-de-restauracao-artes-rio-de-janeiro","status":"publish","type":"post","link":"https:\/\/vagas.portalemprego.com.br\/?p=1482","title":{"rendered":"ASSISTENTE DE RESTAURA\u00c7\u00c3O &#8211; Artes &#8211; Rio de Janeiro"},"content":{"rendered":"<p>VAGA ASSISTENTE DE RESTAURA\u00c7\u00c3O RJ<br \/>\nFAIXA SALARIAL R$ 3.000,00 Efetiva CLT<br \/>\nBeneficios :<br \/>\nVale-Refei\u00e7\u00e3o (27,00) por dia<br \/>\nVale-Transporte<br \/>\nPlano de Sa\u00fade<br \/>\nHor\u00e1rio :<br \/>\nSegunda, Quinta e sexta-feira: das 09h00 \u00e0s 18h00 (com 1h de almo\u00e7o)<br \/>\nTer\u00e7a e Quarta-feira: das 08h00 \u00e0s 18h00 (com 1h de almo\u00e7o)<br \/>\nS\u00e1bado e Domingo: Folga<br \/>\nLOCAL : S\u00c3O CRIST\u00d3V\u00c3O \u2013 RJ<br \/>\nTER EXPERIENCIA COMPROVADA RESTAURA\u00c7\u00c3O DE MOVEIS OU MARCENARIA<br \/>\nTem interesse ? Envia seu curriculo para o Whattsapp 11 96302-5951<\/p>\n<ul>\n<li>Local de trabalho: Rio de Janeiro, RJ<\/li>\n<li>Regime de contrata\u00e7\u00e3o de tipo: Efetivo \u2013 CLT<\/li>\n<li>Jornada: Per\u00edodo Integral<\/li>\n<li>\u00c1rea e especializa\u00e7\u00e3o profissional: Artes &#8211; Artesanato<\/li>\n<li>N\u00edvel hier\u00e1rquico: Assistente<\/li>\n<\/ul>\n<p>VALORIZADO<\/p>\n<p>Tempo de experi\u00eancia: Entre 1 e 3 anos<\/p>\n<p>Escolaridade M\u00ednima: Ensino M\u00e9dio (2\u00ba Grau)<\/p>\n<p>Sal\u00e1rio: 3000,0<\/p>\n","protected":false},"excerpt":{"rendered":"<p>VAGA ASSISTENTE DE RESTAURA\u00c7\u00c3O RJ FAIXA SALARIAL R$ 3.000,00 Efetiva CLT Beneficios : Vale-Refei\u00e7\u00e3o (27,00) por dia Vale-Transporte Plano de Sa\u00fade Hor\u00e1rio : Segunda, Quinta e sexta-feira: das 09h00 \u00e0s 18h00 (com 1h de almo\u00e7o) Ter\u00e7a e Quarta-feira: das 08h00 \u00e0s 18h00 (com 1h de almo\u00e7o) S\u00e1bado e Domingo: Folga LOCAL : S\u00c3O CRIST\u00d3V\u00c3O \u2013 [&hellip;]<\/p>\n","protected":false},"author":1,"featured_media":0,"comment_status":"open","ping_status":"open","sticky":false,"template":"","format":"standard","meta":{"footnotes":""},"categories":[21],"tags":[],"class_list":["post-1482","post","type-post","status-publish","format-standard","hentry","category-rio-de-janeiro-rj"],"_links":{"self":[{"href":"https:\/\/vagas.portalemprego.com.br\/index.php?rest_route=\/wp\/v2\/posts\/1482","targetHints":{"allow":["GET"]}}],"collection":[{"href":"https:\/\/vagas.portalemprego.com.br\/index.php?rest_route=\/wp\/v2\/posts"}],"about":[{"href":"https:\/\/vagas.portalemprego.com.br\/index.php?rest_route=\/wp\/v2\/types\/post"}],"author":[{"embeddable":true,"href":"https:\/\/vagas.portalemprego.com.br\/index.php?rest_route=\/wp\/v2\/users\/1"}],"replies":[{"embeddable":true,"href":"https:\/\/vagas.portalemprego.com.br\/index.php?rest_route=%2Fwp%2Fv2%2Fcomments&post=1482"}],"version-history":[{"count":0,"href":"https:\/\/vagas.portalemprego.com.br\/index.php?rest_route=\/wp\/v2\/posts\/1482\/revisions"}],"wp:attachment":[{"href":"https:\/\/vagas.portalemprego.com.br\/index.php?rest_route=%2Fwp%2Fv2%2Fmedia&parent=1482"}],"wp:term":[{"taxonomy":"category","embeddable":true,"href":"https:\/\/vagas.portalemprego.com.br\/index.php?rest_route=%2Fwp%2Fv2%2Fcategories&post=1482"},{"taxonomy":"post_tag","embeddable":true,"href":"https:\/\/vagas.portalemprego.com.br\/index.php?rest_route=%2Fwp%2Fv2%2Ftags&post=1482"}],"curies":[{"name":"wp","href":"https:\/\/api.w.org\/{rel}","templated":true}]}}