{"id":1484,"date":"2026-04-29T06:05:05","date_gmt":"2026-04-29T09:05:05","guid":{"rendered":"https:\/\/vagas.portalemprego.com.br\/?p=1484"},"modified":"2026-04-29T06:05:05","modified_gmt":"2026-04-29T09:05:05","slug":"promotor-de-vendas-centro-zona-sul-comercial-vendas-rio-de-janeiro","status":"publish","type":"post","link":"https:\/\/vagas.portalemprego.com.br\/?p=1484","title":{"rendered":"Promotor de Vendas &#8211; Centro \/ Zona Sul &#8211; Comercial, Vendas &#8211; Rio de Janeiro"},"content":{"rendered":"<p>\u2022 Visitar pontos de venda (PDV)<br \/>\n\u2022 Repor produtos, organizar estoque e manter a boa exposi\u00e7\u00e3o da marca<br \/>\n\u2022 Identificar oportunidades e negociar espa\u00e7os no PDV<br \/>\n\u2022 Executar planogramas e a\u00e7\u00f5es de merchandising<br \/>\n\u2022 Abordar clientes e divulgar os produtos<br \/>\n\u2022 Monitorar a concorr\u00eancia<br \/>\n\u2022 Ser os \u201colhos da marca\u201d dentro do PDV ??<\/p>\n<p>LOCAL: ROTEIRO &#8211; CENTRO DO RIO E ZONA SUL<br \/>\nCOBERTURA DE F\u00c9RIAS (30 DIAS) &#8211; CLT<\/p>\n<p>ESCALA: Segunda \u00e0 S\u00e1bado, 08:00h \u00e0s 16:20h.<\/p>\n<ul>\n<li>N\u00famero de vagas: 3<\/li>\n<li>Local de trabalho: Rio de Janeiro, RJ<\/li>\n<li>Regime de contrata\u00e7\u00e3o de tipo: Efetivo \u2013 CLT<\/li>\n<li>Jornada: Per\u00edodo Integral<\/li>\n<li>\u00c1rea e especializa\u00e7\u00e3o profissional: Comercial, Vendas &#8211; Demonstrador \/ Promotor<\/li>\n<li>N\u00edvel hier\u00e1rquico: Operacional<\/li>\n<\/ul>\n<p>VALORIZADO<\/p>\n<p>Tempo de experi\u00eancia: Menos de 1 ano<\/p>\n<p>Escolaridade M\u00ednima: Ensino M\u00e9dio (2\u00ba Grau)<\/p>\n<ul>\n<li>VALE TRANSPORTE<\/li>\n<li>VR NO VALOR DE R$ 30,29\/dia<\/li>\n<\/ul>\n<p>Sal\u00e1rio: 1919,14<\/p>\n","protected":false},"excerpt":{"rendered":"<p>\u2022 Visitar pontos de venda (PDV) \u2022 Repor produtos, organizar estoque e manter a boa exposi\u00e7\u00e3o da marca \u2022 Identificar oportunidades e negociar espa\u00e7os no PDV \u2022 Executar planogramas e a\u00e7\u00f5es de merchandising \u2022 Abordar clientes e divulgar os produtos \u2022 Monitorar a concorr\u00eancia \u2022 Ser os \u201colhos da marca\u201d dentro do PDV ?? LOCAL: [&hellip;]<\/p>\n","protected":false},"author":1,"featured_media":0,"comment_status":"open","ping_status":"open","sticky":false,"template":"","format":"standard","meta":{"footnotes":""},"categories":[21],"tags":[],"class_list":["post-1484","post","type-post","status-publish","format-standard","hentry","category-rio-de-janeiro-rj"],"_links":{"self":[{"href":"https:\/\/vagas.portalemprego.com.br\/index.php?rest_route=\/wp\/v2\/posts\/1484","targetHints":{"allow":["GET"]}}],"collection":[{"href":"https:\/\/vagas.portalemprego.com.br\/index.php?rest_route=\/wp\/v2\/posts"}],"about":[{"href":"https:\/\/vagas.portalemprego.com.br\/index.php?rest_route=\/wp\/v2\/types\/post"}],"author":[{"embeddable":true,"href":"https:\/\/vagas.portalemprego.com.br\/index.php?rest_route=\/wp\/v2\/users\/1"}],"replies":[{"embeddable":true,"href":"https:\/\/vagas.portalemprego.com.br\/index.php?rest_route=%2Fwp%2Fv2%2Fcomments&post=1484"}],"version-history":[{"count":0,"href":"https:\/\/vagas.portalemprego.com.br\/index.php?rest_route=\/wp\/v2\/posts\/1484\/revisions"}],"wp:attachment":[{"href":"https:\/\/vagas.portalemprego.com.br\/index.php?rest_route=%2Fwp%2Fv2%2Fmedia&parent=1484"}],"wp:term":[{"taxonomy":"category","embeddable":true,"href":"https:\/\/vagas.portalemprego.com.br\/index.php?rest_route=%2Fwp%2Fv2%2Fcategories&post=1484"},{"taxonomy":"post_tag","embeddable":true,"href":"https:\/\/vagas.portalemprego.com.br\/index.php?rest_route=%2Fwp%2Fv2%2Ftags&post=1484"}],"curies":[{"name":"wp","href":"https:\/\/api.w.org\/{rel}","templated":true}]}}