{"id":1485,"date":"2026-04-29T06:05:05","date_gmt":"2026-04-29T09:05:05","guid":{"rendered":"https:\/\/vagas.portalemprego.com.br\/?p=1485"},"modified":"2026-04-29T06:05:05","modified_gmt":"2026-04-29T09:05:05","slug":"copeiro-alimentacao-gastronomia-rio-de-janeiro-2","status":"publish","type":"post","link":"https:\/\/vagas.portalemprego.com.br\/?p=1485","title":{"rendered":"COPEIRO &#8211; Alimenta\u00e7\u00e3o \/ Gastronomia &#8211; Rio de Janeiro"},"content":{"rendered":"<p>Executar e\/ou auxiliar nos servi\u00e7os de limpeza nas depend\u00eancias da copa e cozinha, auxiliar no pr\u00e9-preparo e preparo de saladas, caf\u00e9, lanches, desjejum e demais atribui\u00e7\u00f5es, entre elas: coquet\u00e9is, refei\u00e7\u00f5es especiais e de diretoria etc., sob a orienta\u00e7\u00e3o de seu superior hier\u00e1rquico, do processo de produ\u00e7\u00e3o.<\/p>\n<p>1. Higienizar utens\u00edlios, equipamentos e \u00e1reas;<br \/>\n2. Coletar e identificar amostras de alimentos;<br \/>\n3. Pr\u00e9-preparar saladas, pratos quentes e frutas;<br \/>\n4. Escolher cereais;<br \/>\n5. Receber vales;<br \/>\n6. Limpar e organizar o refeit\u00f3rio, copa e \u00e1rea de eventos;<br \/>\n7. Montar coffee-break;<br \/>\n8. Executar servi\u00e7os de diretoria e coquetel;<br \/>\n9. Montar, distribuir e repor refei\u00e7\u00f5es, dietas e utens\u00edlios;<br \/>\n10. Servir coffee-break, coquet\u00e9is e eventos especiais;<br \/>\n11. Preparar, distribuir lanches e desjejuns;<br \/>\n12. Coordenar equipe de apoio quando aplic\u00e1vel;<br \/>\n13. Responsabilizar-se por \u00e1reas e servi\u00e7os afins.<\/p>\n<p>Requisitos:<br \/>\nExperiencia na fun\u00e7\u00e3o.<\/p>\n<p>Nossas vagas s\u00e3o abertas para atrair talentos diversos com todas as suas caracter\u00edsticas de etnia, g\u00eanero, idade, orienta\u00e7\u00e3o sexual, defici\u00eancia, cultura ou de qualquer outro fator. Diversidade, equidade e inclus\u00e3o est\u00e1 no nosso DNA!<\/p>\n<ul>\n<li>N\u00famero de vagas: 2<\/li>\n<li>Local de trabalho: Rio de Janeiro, RJ<\/li>\n<li>Regime de contrata\u00e7\u00e3o de tipo: Efetivo \u2013 CLT<\/li>\n<li>Jornada: Per\u00edodo Integral<\/li>\n<li>\u00c1rea e especializa\u00e7\u00e3o profissional: Alimenta\u00e7\u00e3o \/ Gastronomia &#8211; Copa<\/li>\n<li>N\u00edvel hier\u00e1rquico: Auxiliar<\/li>\n<\/ul>\n<p>Escolaridade M\u00ednima: Ensino Fundamental (1\u00ba grau)<\/p>\n<ul>\n<li>Pacote de benef\u00edcios compat\u00edveis com o mercado<\/li>\n<\/ul>\n","protected":false},"excerpt":{"rendered":"<p>Executar e\/ou auxiliar nos servi\u00e7os de limpeza nas depend\u00eancias da copa e cozinha, auxiliar no pr\u00e9-preparo e preparo de saladas, caf\u00e9, lanches, desjejum e demais atribui\u00e7\u00f5es, entre elas: coquet\u00e9is, refei\u00e7\u00f5es especiais e de diretoria etc., sob a orienta\u00e7\u00e3o de seu superior hier\u00e1rquico, do processo de produ\u00e7\u00e3o. 1. Higienizar utens\u00edlios, equipamentos e \u00e1reas; 2. Coletar e [&hellip;]<\/p>\n","protected":false},"author":1,"featured_media":0,"comment_status":"open","ping_status":"open","sticky":false,"template":"","format":"standard","meta":{"footnotes":""},"categories":[21],"tags":[],"class_list":["post-1485","post","type-post","status-publish","format-standard","hentry","category-rio-de-janeiro-rj"],"_links":{"self":[{"href":"https:\/\/vagas.portalemprego.com.br\/index.php?rest_route=\/wp\/v2\/posts\/1485","targetHints":{"allow":["GET"]}}],"collection":[{"href":"https:\/\/vagas.portalemprego.com.br\/index.php?rest_route=\/wp\/v2\/posts"}],"about":[{"href":"https:\/\/vagas.portalemprego.com.br\/index.php?rest_route=\/wp\/v2\/types\/post"}],"author":[{"embeddable":true,"href":"https:\/\/vagas.portalemprego.com.br\/index.php?rest_route=\/wp\/v2\/users\/1"}],"replies":[{"embeddable":true,"href":"https:\/\/vagas.portalemprego.com.br\/index.php?rest_route=%2Fwp%2Fv2%2Fcomments&post=1485"}],"version-history":[{"count":0,"href":"https:\/\/vagas.portalemprego.com.br\/index.php?rest_route=\/wp\/v2\/posts\/1485\/revisions"}],"wp:attachment":[{"href":"https:\/\/vagas.portalemprego.com.br\/index.php?rest_route=%2Fwp%2Fv2%2Fmedia&parent=1485"}],"wp:term":[{"taxonomy":"category","embeddable":true,"href":"https:\/\/vagas.portalemprego.com.br\/index.php?rest_route=%2Fwp%2Fv2%2Fcategories&post=1485"},{"taxonomy":"post_tag","embeddable":true,"href":"https:\/\/vagas.portalemprego.com.br\/index.php?rest_route=%2Fwp%2Fv2%2Ftags&post=1485"}],"curies":[{"name":"wp","href":"https:\/\/api.w.org\/{rel}","templated":true}]}}