{"id":1486,"date":"2026-04-29T06:05:05","date_gmt":"2026-04-29T09:05:05","guid":{"rendered":"https:\/\/vagas.portalemprego.com.br\/?p=1486"},"modified":"2026-04-29T06:05:05","modified_gmt":"2026-04-29T09:05:05","slug":"analista-de-recrutamento-e-selecao-jr-recursos-humanos-rio-de-janeiro","status":"publish","type":"post","link":"https:\/\/vagas.portalemprego.com.br\/?p=1486","title":{"rendered":"Analista de Recrutamento e Sele\u00e7\u00e3o JR &#8211; Recursos Humanos &#8211; Rio de Janeiro"},"content":{"rendered":"<p>?? Vaga: Analista de Recrutamento e Sele\u00e7\u00e3o Jr.<br \/>\n?? Local: Rio de Janeiro<br \/>\n ?? Modelo: Presencial | CLT Tempor\u00e1rio<br \/>\n?? Sobre a oportunidade<br \/>\nA Mendes Talent est\u00e1 em crescimento constante, ampliando sua atua\u00e7\u00e3o e conquistando cada vez mais espa\u00e7o no mercado, especialmente no Rio de Janeiro, com novas opera\u00e7\u00f5es sendo implementadas.<br \/>\nCom isso, estamos expandindo nosso time de Recrutamento e Sele\u00e7\u00e3o e buscamos um(a) Analista Jr. com perfil operacional, din\u00e2mico e com forte atua\u00e7\u00e3o \u201cm\u00e3o na massa\u201d para atuar em processos de alto volume.<br \/>\n??? Principais responsabilidades<br \/>\nCondu\u00e7\u00e3o de processos seletivos de ponta a ponta (alto volume);<br \/>\nTriagem de curr\u00edculos e convoca\u00e7\u00e3o de candidatos;<br \/>\nCondu\u00e7\u00e3o de entrevistas (individuais e coletivas);<br \/>\nApoio em a\u00e7\u00f5es de recrutamento em campo (feir\u00f5es, parcerias, etc.);<br \/>\nControle de pipeline de candidatos e atualiza\u00e7\u00e3o de planilhas\/sistemas;<br \/>\nAlinhamento com gestores sobre perfil de vaga e andamento dos processos;<br \/>\nAcompanhamento de indicadores (volume, SLA, assertividade);<br \/>\n? Requisitos<br \/>\nExperi\u00eancia com Recrutamento e Sele\u00e7\u00e3o (principalmente volume);<br \/>\nPerfil din\u00e2mico, resiliente e com senso de urg\u00eancia;<br \/>\nBoa comunica\u00e7\u00e3o e organiza\u00e7\u00e3o;<br \/>\nCNH ativa;<br \/>\nConhecimento em Excel;<br \/>\n?? Benef\u00edcios<br \/>\n?? Sal\u00e1rio: A combinar<br \/>\n??? Vale Refei\u00e7\u00e3o: R$ 30,00\/dia<br \/>\n?? Vale Alimenta\u00e7\u00e3o: R$ 164,28\/m\u00eas<br \/>\n?? Plano de Sa\u00fade<br \/>\n?? Plano Odontol\u00f3gico<br \/>\n??? Seguro de Vida<br \/>\n??? TotalPass<br \/>\nPerfil que buscamos<br \/>\nBuscamos profissionais com energia, foco em resultado e agilidade, que saibam lidar com alta demanda e tenham paix\u00e3o por conectar pessoas \u00e0s oportunidades.<\/p>\n<ul>\n<li>N\u00famero de vagas: 3<\/li>\n<li>Local de trabalho: Rio de Janeiro, RJ<\/li>\n<li>Regime de contrata\u00e7\u00e3o de tipo: Tempor\u00e1rio<\/li>\n<li>Jornada: Per\u00edodo Integral<\/li>\n<li>\u00c1rea e especializa\u00e7\u00e3o profissional: Recursos Humanos &#8211; Recrutamento e Sele\u00e7\u00e3o<\/li>\n<li>N\u00edvel hier\u00e1rquico: Analista<\/li>\n<\/ul>\n<p>VALORIZADO<\/p>\n<p>Tempo de experi\u00eancia: Entre 3 e 5 anos<\/p>\n<p>Escolaridade M\u00ednima: Ensino Superior<\/p>\n","protected":false},"excerpt":{"rendered":"<p>?? Vaga: Analista de Recrutamento e Sele\u00e7\u00e3o Jr. ?? Local: Rio de Janeiro ?? Modelo: Presencial | CLT Tempor\u00e1rio ?? Sobre a oportunidade A Mendes Talent est\u00e1 em crescimento constante, ampliando sua atua\u00e7\u00e3o e conquistando cada vez mais espa\u00e7o no mercado, especialmente no Rio de Janeiro, com novas opera\u00e7\u00f5es sendo implementadas. Com isso, estamos expandindo [&hellip;]<\/p>\n","protected":false},"author":1,"featured_media":0,"comment_status":"open","ping_status":"open","sticky":false,"template":"","format":"standard","meta":{"footnotes":""},"categories":[21],"tags":[],"class_list":["post-1486","post","type-post","status-publish","format-standard","hentry","category-rio-de-janeiro-rj"],"_links":{"self":[{"href":"https:\/\/vagas.portalemprego.com.br\/index.php?rest_route=\/wp\/v2\/posts\/1486","targetHints":{"allow":["GET"]}}],"collection":[{"href":"https:\/\/vagas.portalemprego.com.br\/index.php?rest_route=\/wp\/v2\/posts"}],"about":[{"href":"https:\/\/vagas.portalemprego.com.br\/index.php?rest_route=\/wp\/v2\/types\/post"}],"author":[{"embeddable":true,"href":"https:\/\/vagas.portalemprego.com.br\/index.php?rest_route=\/wp\/v2\/users\/1"}],"replies":[{"embeddable":true,"href":"https:\/\/vagas.portalemprego.com.br\/index.php?rest_route=%2Fwp%2Fv2%2Fcomments&post=1486"}],"version-history":[{"count":0,"href":"https:\/\/vagas.portalemprego.com.br\/index.php?rest_route=\/wp\/v2\/posts\/1486\/revisions"}],"wp:attachment":[{"href":"https:\/\/vagas.portalemprego.com.br\/index.php?rest_route=%2Fwp%2Fv2%2Fmedia&parent=1486"}],"wp:term":[{"taxonomy":"category","embeddable":true,"href":"https:\/\/vagas.portalemprego.com.br\/index.php?rest_route=%2Fwp%2Fv2%2Fcategories&post=1486"},{"taxonomy":"post_tag","embeddable":true,"href":"https:\/\/vagas.portalemprego.com.br\/index.php?rest_route=%2Fwp%2Fv2%2Ftags&post=1486"}],"curies":[{"name":"wp","href":"https:\/\/api.w.org\/{rel}","templated":true}]}}