{"id":1487,"date":"2026-04-29T06:05:05","date_gmt":"2026-04-29T09:05:05","guid":{"rendered":"https:\/\/vagas.portalemprego.com.br\/?p=1487"},"modified":"2026-04-29T06:05:05","modified_gmt":"2026-04-29T09:05:05","slug":"tecnico-em-seguranca-do-trabalho-seguranca-duque-de-caxias","status":"publish","type":"post","link":"https:\/\/vagas.portalemprego.com.br\/?p=1487","title":{"rendered":"T\u00e9cnico em Seguran\u00e7a do Trabalho &#8211; Seguran\u00e7a &#8211; Duque de Caxias"},"content":{"rendered":"<p>Respons\u00e1vel por apoiar a elabora\u00e7\u00e3o, implanta\u00e7\u00e3o e manuten\u00e7\u00e3o das pol\u00edticas de Sa\u00fade e Seguran\u00e7a do Trabalho, com foco na preven\u00e7\u00e3o de acidentes e doen\u00e7as ocupacionais.<br \/>\nAtua na an\u00e1lise de ambientes, instala\u00e7\u00f5es e processos, identificando riscos e propondo medidas de controle.<br \/>\nParticipa da implementa\u00e7\u00e3o de tecnologias e pr\u00e1ticas seguras, promove treinamentos e a\u00e7\u00f5es educativas, elabora relat\u00f3rios t\u00e9cnicos e assegura o cumprimento da legisla\u00e7\u00e3o e das normas vigentes.<br \/>\nElabora APRs, preenche Permiss\u00f5es de Trabalho (PTs) e acompanha as atividades em campo, aplicando treinamentos espec\u00edficos para garantir que os colaboradores executem suas atividades com seguran\u00e7a, em conformidade com os padr\u00f5es da empresa e de seus clientes. Residir no Rio de Janeiro, Jacarepagu\u00e1 ou regi\u00f5es pr\u00f3ximas;<br \/>\nExperi\u00eancia na elabora\u00e7\u00e3o de APRs (An\u00e1lise Preliminar de Risco);<br \/>\nConhecimento da legisla\u00e7\u00e3o aplic\u00e1vel \u00e0 \u00e1rea de Seguran\u00e7a do Trabalho;<br \/>\nHabilidade na aplica\u00e7\u00e3o de treinamentos (NR-33, NR-35), uso de ferramentas manuais, DDS, entre outros;<br \/>\nRegistro ativo no MTE.<\/p>\n<ul>\n<li>Local de trabalho: Duque de Caxias, RJ<\/li>\n<li>Regime de contrata\u00e7\u00e3o de tipo: Efetivo \u2013 CLT<\/li>\n<li>Jornada: Per\u00edodo Integral<\/li>\n<li>\u00c1rea e especializa\u00e7\u00e3o profissional: Seguran\u00e7a &#8211; Seguran\u00e7a<\/li>\n<li>N\u00edvel hier\u00e1rquico: Especialista<\/li>\n<\/ul>\n<p>VALORIZADO<\/p>\n<p>Tempo de experi\u00eancia: Menos de 1 ano<\/p>\n<p>Escolaridade M\u00ednima: Ensino Fundamental (1\u00ba grau)<\/p>\n<p>Forma\u00e7\u00e3o desejada:<\/p>\n<ul>\n<li>, Ensino Fundamental (1\u00ba grau)<\/li>\n<\/ul>\n<ul>\n<li>T\u00edquete Refei\u00e7\u00e3o<\/li>\n<li>Vale Transporte<\/li>\n<li>Seguro de Vida em Grupo<\/li>\n<\/ul>\n<p>Sal\u00e1rio: 4001,0<\/p>\n","protected":false},"excerpt":{"rendered":"<p>Respons\u00e1vel por apoiar a elabora\u00e7\u00e3o, implanta\u00e7\u00e3o e manuten\u00e7\u00e3o das pol\u00edticas de Sa\u00fade e Seguran\u00e7a do Trabalho, com foco na preven\u00e7\u00e3o de acidentes e doen\u00e7as ocupacionais. Atua na an\u00e1lise de ambientes, instala\u00e7\u00f5es e processos, identificando riscos e propondo medidas de controle. Participa da implementa\u00e7\u00e3o de tecnologias e pr\u00e1ticas seguras, promove treinamentos e a\u00e7\u00f5es educativas, elabora relat\u00f3rios [&hellip;]<\/p>\n","protected":false},"author":1,"featured_media":0,"comment_status":"open","ping_status":"open","sticky":false,"template":"","format":"standard","meta":{"footnotes":""},"categories":[21],"tags":[],"class_list":["post-1487","post","type-post","status-publish","format-standard","hentry","category-rio-de-janeiro-rj"],"_links":{"self":[{"href":"https:\/\/vagas.portalemprego.com.br\/index.php?rest_route=\/wp\/v2\/posts\/1487","targetHints":{"allow":["GET"]}}],"collection":[{"href":"https:\/\/vagas.portalemprego.com.br\/index.php?rest_route=\/wp\/v2\/posts"}],"about":[{"href":"https:\/\/vagas.portalemprego.com.br\/index.php?rest_route=\/wp\/v2\/types\/post"}],"author":[{"embeddable":true,"href":"https:\/\/vagas.portalemprego.com.br\/index.php?rest_route=\/wp\/v2\/users\/1"}],"replies":[{"embeddable":true,"href":"https:\/\/vagas.portalemprego.com.br\/index.php?rest_route=%2Fwp%2Fv2%2Fcomments&post=1487"}],"version-history":[{"count":0,"href":"https:\/\/vagas.portalemprego.com.br\/index.php?rest_route=\/wp\/v2\/posts\/1487\/revisions"}],"wp:attachment":[{"href":"https:\/\/vagas.portalemprego.com.br\/index.php?rest_route=%2Fwp%2Fv2%2Fmedia&parent=1487"}],"wp:term":[{"taxonomy":"category","embeddable":true,"href":"https:\/\/vagas.portalemprego.com.br\/index.php?rest_route=%2Fwp%2Fv2%2Fcategories&post=1487"},{"taxonomy":"post_tag","embeddable":true,"href":"https:\/\/vagas.portalemprego.com.br\/index.php?rest_route=%2Fwp%2Fv2%2Ftags&post=1487"}],"curies":[{"name":"wp","href":"https:\/\/api.w.org\/{rel}","templated":true}]}}