{"id":1490,"date":"2026-04-29T06:05:05","date_gmt":"2026-04-29T09:05:05","guid":{"rendered":"https:\/\/vagas.portalemprego.com.br\/?p=1490"},"modified":"2026-04-29T06:05:05","modified_gmt":"2026-04-29T09:05:05","slug":"assistente-de-departamento-pessoal-recursos-humanos-rio-de-janeiro","status":"publish","type":"post","link":"https:\/\/vagas.portalemprego.com.br\/?p=1490","title":{"rendered":"Assistente de Departamento Pessoal &#8211; Recursos Humanos &#8211; Rio de Janeiro"},"content":{"rendered":"<p>?? Vaga: Assistente de Departamento Pessoal (Campo)<br \/>\n?? Local: Rio de Janeiro<br \/>\n?? Modelo: Presencial | CLT Tempor\u00e1rio<\/p>\n<p>?? Sobre a oportunidade<br \/>\nA Mendes Talent est\u00e1 em crescimento constante, ampliando sua atua\u00e7\u00e3o e conquistando cada vez mais espa\u00e7o no mercado, especialmente no Rio de Janeiro, com novas opera\u00e7\u00f5es sendo implementadas.<br \/>\nDiante desse cen\u00e1rio de expans\u00e3o, estamos refor\u00e7ando nosso time e buscamos um(a) Assistente de Departamento Pessoal (Preposto) com perfil operacional, din\u00e2mico e com forte atua\u00e7\u00e3o \u201cm\u00e3o na massa\u201d.<br \/>\n??? Principais responsabilidades<br \/>\n&#8211; Atendimento direto aos colaboradores;<br \/>\n&#8211; Tratativa e controle de ponto eletr\u00f4nico di\u00e1rio;<br \/>\n&#8211; Acompanhamento e an\u00e1lise de absente\u00edsmo;<br \/>\n&#8211; Elabora\u00e7\u00e3o de relat\u00f3rios operacionais;<br \/>\n&#8211; Controle de Headcount (HC) \u2013 ativos;<br \/>\n&#8211; Apoio nas rotinas gerais de Departamento Pessoal;<br \/>\n&#8211; Interface com lideran\u00e7a e \u00e1reas internas;<br \/>\n? Requisitos<br \/>\n&#8211; Experi\u00eancia com rotinas de Departamento Pessoal;<br \/>\n&#8211; Perfil operacional, organizado e proativo;<br \/>\n&#8211; Boa comunica\u00e7\u00e3o e senso de urg\u00eancia;<br \/>\n&#8211; CNH ativa (obrigat\u00f3rio);<br \/>\n&#8211; Ve\u00edculo pr\u00f3prio;<br \/>\n?? Benef\u00edcios<br \/>\n?? Sal\u00e1rio: A combinar<br \/>\n??? Vale Refei\u00e7\u00e3o: R$ 30,00\/dia<br \/>\n?? Vale Alimenta\u00e7\u00e3o: R$ 164,28\/m\u00eas<br \/>\n?? Plano de Sa\u00fade<br \/>\n?? Plano Odontol\u00f3gico<br \/>\n??? Seguro de Vida<br \/>\n??? TotalPass<br \/>\nPerfil que buscamos<br \/>\nBuscamos profissionais com energia, responsabilidade e foco em resultado, que tenham facilidade em lidar com alto volume de demandas e gostem de atuar pr\u00f3ximo \u00e0 opera\u00e7\u00e3o.<\/p>\n<ul>\n<li>N\u00famero de vagas: 3<\/li>\n<li>Local de trabalho: Rio de Janeiro, RJ<\/li>\n<li>Regime de contrata\u00e7\u00e3o de tipo: Tempor\u00e1rio<\/li>\n<li>Jornada: Per\u00edodo Integral<\/li>\n<li>\u00c1rea e especializa\u00e7\u00e3o profissional: Recursos Humanos &#8211; Departamento Pessoal<\/li>\n<li>N\u00edvel hier\u00e1rquico: Assistente<\/li>\n<\/ul>\n<p>VALORIZADO<\/p>\n<p>Tempo de experi\u00eancia: Entre 1 e 3 anos<\/p>\n<p>Escolaridade M\u00ednima: Ensino Superior<\/p>\n","protected":false},"excerpt":{"rendered":"<p>?? Vaga: Assistente de Departamento Pessoal (Campo) ?? Local: Rio de Janeiro ?? Modelo: Presencial | CLT Tempor\u00e1rio ?? Sobre a oportunidade A Mendes Talent est\u00e1 em crescimento constante, ampliando sua atua\u00e7\u00e3o e conquistando cada vez mais espa\u00e7o no mercado, especialmente no Rio de Janeiro, com novas opera\u00e7\u00f5es sendo implementadas. Diante desse cen\u00e1rio de expans\u00e3o, [&hellip;]<\/p>\n","protected":false},"author":1,"featured_media":0,"comment_status":"open","ping_status":"open","sticky":false,"template":"","format":"standard","meta":{"footnotes":""},"categories":[21],"tags":[],"class_list":["post-1490","post","type-post","status-publish","format-standard","hentry","category-rio-de-janeiro-rj"],"_links":{"self":[{"href":"https:\/\/vagas.portalemprego.com.br\/index.php?rest_route=\/wp\/v2\/posts\/1490","targetHints":{"allow":["GET"]}}],"collection":[{"href":"https:\/\/vagas.portalemprego.com.br\/index.php?rest_route=\/wp\/v2\/posts"}],"about":[{"href":"https:\/\/vagas.portalemprego.com.br\/index.php?rest_route=\/wp\/v2\/types\/post"}],"author":[{"embeddable":true,"href":"https:\/\/vagas.portalemprego.com.br\/index.php?rest_route=\/wp\/v2\/users\/1"}],"replies":[{"embeddable":true,"href":"https:\/\/vagas.portalemprego.com.br\/index.php?rest_route=%2Fwp%2Fv2%2Fcomments&post=1490"}],"version-history":[{"count":0,"href":"https:\/\/vagas.portalemprego.com.br\/index.php?rest_route=\/wp\/v2\/posts\/1490\/revisions"}],"wp:attachment":[{"href":"https:\/\/vagas.portalemprego.com.br\/index.php?rest_route=%2Fwp%2Fv2%2Fmedia&parent=1490"}],"wp:term":[{"taxonomy":"category","embeddable":true,"href":"https:\/\/vagas.portalemprego.com.br\/index.php?rest_route=%2Fwp%2Fv2%2Fcategories&post=1490"},{"taxonomy":"post_tag","embeddable":true,"href":"https:\/\/vagas.portalemprego.com.br\/index.php?rest_route=%2Fwp%2Fv2%2Ftags&post=1490"}],"curies":[{"name":"wp","href":"https:\/\/api.w.org\/{rel}","templated":true}]}}