{"id":1493,"date":"2026-04-29T06:05:05","date_gmt":"2026-04-29T09:05:05","guid":{"rendered":"https:\/\/vagas.portalemprego.com.br\/?p=1493"},"modified":"2026-04-29T06:05:05","modified_gmt":"2026-04-29T09:05:05","slug":"assistente-de-relacionamento-comercial-comercial-vendas-rio-de-janeiro","status":"publish","type":"post","link":"https:\/\/vagas.portalemprego.com.br\/?p=1493","title":{"rendered":"Assistente de relacionamento comercial &#8211; Comercial, Vendas &#8211; Rio de Janeiro"},"content":{"rendered":"<p>Sobre N\u00f3s<\/p>\n<p>Quer fazer parte de uma das maiores redes de cl\u00ednicas odontol\u00f3gicas do Brasil?<\/p>\n<p>H\u00e1 mais de 38 anos no mercado, o Grupo Cl\u00ednicas Inteligentes \u00e9 uma das maiores redes de cl\u00ednicas odontol\u00f3gicas.<\/p>\n<p>Presente em mais de 20 estados, o nosso grupo \u00e9 formado por 4 marcas que contam com a colabora\u00e7\u00e3o de 2100 colaboradores e um dos melhores corpos cl\u00ednicos do Brasil.<\/p>\n<p>Com conceito de cl\u00ednica popular, somos determinados a garantir o pronto atendimento em ambientes seguros, confort\u00e1veis e climatizados por um valor justo e acess\u00edvel.<\/p>\n<p>N\u00f3s do grupo Cl\u00ednicas Inteligentes somos apaixonados pelo que fazemos. Acreditamos que o atendimento humanizado contagia e motiva a todos que se relacionam conosco.<\/p>\n<p>O Grupo Cl\u00ednicas Inteligentes informa que sua participa\u00e7\u00e3o em nossos processos seletivos \u00e9 gratuita e nenhum fornecedor ou terceiro est\u00e1 autorizado a cobrar valores para candidatura \u00e0 vaga, treinamento, material did\u00e1tico ou qualquer outra despesa relacionada.<\/p>\n<p>Sobre a Oportunidade:<\/p>\n<p>\u2022 Atendimento presencial, por telefone e whatsapp<br \/>\n\u2022 Local de trabalho: Madureira &#8211; RJ<br \/>\n\u2022 Hor\u00e1rio de trabalho: SEG. \u00c0 SEX. 09:00 \u00c0S 18:00 | S\u00c1B. 09:00 \u00c0S 13:00<br \/>\n\u2022 Necess\u00e1rio experi\u00eancia em vendas<br \/>\n\u2022 Oportunidades com foco em VENDAS e NEGOCIA\u00c7\u00c3O<\/p>\n<p>\u2022 Respons\u00e1vel pelo fechamento de vendas ap\u00f3s avalia\u00e7\u00e3o com dentista avaliador;<br \/>\n\u2022 Atuar diretamente com o cliente presencialmente, por telefone e WhatsApp;<br \/>\n\u2022 Controle de clientes n\u00e3o contratantes, focando em estrat\u00e9gias para convers\u00e3o em vendas;<br \/>\n\u2022 Recepcionar de forma proativa situa\u00e7\u00f5es \u201cproblema\u201d que necessitem direcionamento;<br \/>\n\u2022 Apresentar relat\u00f3rio de fechamento quinzenal \/ mensal e\/ou conforme solicitado pela gest\u00e3o da unidade dos contatos realizados versus fechamentos efetivados.<br \/>\n\u2022 Entre outras atividades pertinentes ao cargo.<\/p>\n<p>Hor\u00e1rio: Segunda a sexta 09:00h \u00e1s 18:00h e s\u00e1bado 09:30h \u00e1s 13:30h.<br \/>\nBairro: Meier &#8211; RJ<\/p>\n<ul>\n<li>Local de trabalho: Rio de Janeiro, RJ<\/li>\n<li>Regime de contrata\u00e7\u00e3o de tipo: Efetivo \u2013 CLT<\/li>\n<li>Jornada: Per\u00edodo Integral<\/li>\n<li>\u00c1rea e especializa\u00e7\u00e3o profissional: Comercial, Vendas &#8211; Venda Interna<\/li>\n<li>N\u00edvel hier\u00e1rquico: Assistente<\/li>\n<\/ul>\n<p>HABILIDADES<\/p>\n<ul>\n<li>Boa comunica\u00e7\u00e3o escrita e verbal<\/li>\n<li>Carisma<\/li>\n<li>pacote office<\/li>\n<li>habilidade de negocia\u00e7\u00e3o<\/li>\n<li>Poder de persua\u00e7\u00e3o<\/li>\n<li>foco em resultados<\/li>\n<li>foco em vendas<\/li>\n<li>proatividade<\/li>\n<\/ul>\n<p>Escolaridade M\u00ednima: Ensino M\u00e9dio (2\u00ba Grau)<\/p>\n<ul>\n<li>VT<\/li>\n<li>Comiss\u00e3o<\/li>\n<\/ul>\n<p>Sal\u00e1rio: 1641,64<\/p>\n","protected":false},"excerpt":{"rendered":"<p>Sobre N\u00f3s Quer fazer parte de uma das maiores redes de cl\u00ednicas odontol\u00f3gicas do Brasil? H\u00e1 mais de 38 anos no mercado, o Grupo Cl\u00ednicas Inteligentes \u00e9 uma das maiores redes de cl\u00ednicas odontol\u00f3gicas. Presente em mais de 20 estados, o nosso grupo \u00e9 formado por 4 marcas que contam com a colabora\u00e7\u00e3o de 2100 [&hellip;]<\/p>\n","protected":false},"author":1,"featured_media":0,"comment_status":"open","ping_status":"open","sticky":false,"template":"","format":"standard","meta":{"footnotes":""},"categories":[21],"tags":[],"class_list":["post-1493","post","type-post","status-publish","format-standard","hentry","category-rio-de-janeiro-rj"],"_links":{"self":[{"href":"https:\/\/vagas.portalemprego.com.br\/index.php?rest_route=\/wp\/v2\/posts\/1493","targetHints":{"allow":["GET"]}}],"collection":[{"href":"https:\/\/vagas.portalemprego.com.br\/index.php?rest_route=\/wp\/v2\/posts"}],"about":[{"href":"https:\/\/vagas.portalemprego.com.br\/index.php?rest_route=\/wp\/v2\/types\/post"}],"author":[{"embeddable":true,"href":"https:\/\/vagas.portalemprego.com.br\/index.php?rest_route=\/wp\/v2\/users\/1"}],"replies":[{"embeddable":true,"href":"https:\/\/vagas.portalemprego.com.br\/index.php?rest_route=%2Fwp%2Fv2%2Fcomments&post=1493"}],"version-history":[{"count":0,"href":"https:\/\/vagas.portalemprego.com.br\/index.php?rest_route=\/wp\/v2\/posts\/1493\/revisions"}],"wp:attachment":[{"href":"https:\/\/vagas.portalemprego.com.br\/index.php?rest_route=%2Fwp%2Fv2%2Fmedia&parent=1493"}],"wp:term":[{"taxonomy":"category","embeddable":true,"href":"https:\/\/vagas.portalemprego.com.br\/index.php?rest_route=%2Fwp%2Fv2%2Fcategories&post=1493"},{"taxonomy":"post_tag","embeddable":true,"href":"https:\/\/vagas.portalemprego.com.br\/index.php?rest_route=%2Fwp%2Fv2%2Ftags&post=1493"}],"curies":[{"name":"wp","href":"https:\/\/api.w.org\/{rel}","templated":true}]}}