{"id":1494,"date":"2026-04-29T06:05:05","date_gmt":"2026-04-29T09:05:05","guid":{"rendered":"https:\/\/vagas.portalemprego.com.br\/?p=1494"},"modified":"2026-04-29T06:05:05","modified_gmt":"2026-04-29T09:05:05","slug":"auxiliar-de-loja-pcd-vans-garcia-davila-comercial-vendas-rio-de-janeiro","status":"publish","type":"post","link":"https:\/\/vagas.portalemprego.com.br\/?p=1494","title":{"rendered":"Auxiliar de Loja (PCD) | Vans Garcia Davila &#8211; Comercial, Vendas &#8211; Rio de Janeiro"},"content":{"rendered":"<p>Nosso time \u00e9 formado por pessoas com brilho no olho e vontade de fazer a diferen\u00e7a.<br \/>\nTemos objetivo de encantar clientes do Brasil e do mundo, com prop\u00f3sito de Interpretar Tend\u00eancias e Despertar Desejos.<br \/>\nSe voc\u00ea tamb\u00e9m faz com paix\u00e3o, tem flexibilidade, transpar\u00eancia, envolvimento, gosta de trabalhar com uni\u00e3o e desafio, a Arezzo&amp;Co pode ser o lugar certo para voc\u00ea!<br \/>\nQueremos cada vez mais construir um ambiente diverso e inclusivo, por isso, nossa pol\u00edtica de contrata\u00e7\u00e3o n\u00e3o discrimina g\u00eanero, ra\u00e7a\/cor, religi\u00e3o, orienta\u00e7\u00e3o sexual, idade, condi\u00e7\u00e3o de HIV e defici\u00eancia intelectual ou f\u00edsica.<br \/>\nVenha evoluir com a gente, em cada passo da nossa jornada. RUMO A 2154! <\/p>\n<p>Responsabilidades e atribui\u00e7\u00f5es<br \/>\nRespons\u00e1vel pela organiza\u00e7\u00e3o das mercadorias em pontos estrat\u00e9gicos de vendas;<br \/>\nAuxilia os clientes na procura de produtos;<br \/>\nApoio a limpeza e organiza\u00e7\u00e3o dos setores quando necess\u00e1rio;<br \/>\nContribuir para vendas;<br \/>\nPrestar suporte operacional \u00e0 equipe de vendas, sempre que necess\u00e1rio, visando fechar vendas. <\/p>\n<p>Requisitos e qualifica\u00e7\u00f5es<br \/>\nEnsino m\u00e9dio completo;<br \/>\nDisponibilidade de hor\u00e1rios;<br \/>\nFacilidade em lidar com publico e flexibilidade. <\/p>\n<p>Informa\u00e7\u00f5es adicionais:<br \/>\nBenef\u00edcios:<br \/>\nVale Alimenta\u00e7\u00e3o\/Refei\u00e7\u00e3o &#8211; Para que possa ter mais autonomia, voc\u00ea pode optar entre o Vale Alimenta\u00e7\u00e3o para utilizar em mercados e fazer sua pr\u00f3pria comida, ou pelo Vale Refei\u00e7\u00e3o, para utilizar em restaurantes e pedir seu lanche;<br \/>\nVale Transporte &#8211; Oferecemos conforme sua necessidade de itiner\u00e1rio em transporte p\u00fablico;<br \/>\nPlano de Sa\u00fade e Plano Odontol\u00f3gico &#8211; Para cuidar sua sa\u00fade e dos seus dependentes, oferecemos Plano de Sa\u00fade da Bradesco, bem como Plano Odontol\u00f3gico (Apto ap\u00f3s 6 meses de contrata\u00e7\u00e3o);<br \/>\nPlano de Sa\u00fade PetLove &#8211; Plano de sa\u00fade para seu pet poder receber o carinho e cuidado que merece! Nossa parceria inclui coberturas para consultas, vacinas, exames, plant\u00e3o 24h com car\u00eancia zero.<br \/>\nGympass &#8211; Quer manter a sa\u00fade f\u00edsica ativa? Oferecemos o Gympass, tamb\u00e9m extensivo aos seus dependentes;<br \/>\nPsicologia Viva \u2013 Em rela\u00e7\u00e3o a sua sa\u00fade psicol\u00f3gica, oferecemos o Psicologia Viva, uma plataforma de atendimento psicol\u00f3gico online;<br \/>\nNew Value &#8211; clube de benef\u00edcios com ofertas exclusivas;<br \/>\nDesconto nas marcas \u2013 Desconto exclusivo para colaboradores em todas as marcas da Maior House Of Brands do Brasil!<\/p>\n<ul>\n<li>Local de trabalho: Rio de Janeiro, RJ<\/li>\n<li>Regime de contrata\u00e7\u00e3o de tipo: Efetivo \u2013 CLT<\/li>\n<li>Jornada: Per\u00edodo Integral<\/li>\n<li>\u00c1rea e especializa\u00e7\u00e3o profissional: Comercial, Vendas &#8211; Lojas \/ Shopping<\/li>\n<li>N\u00edvel hier\u00e1rquico: Auxiliar<\/li>\n<\/ul>\n<p>VALORIZADO<\/p>\n<p>Tempo de experi\u00eancia: Entre 1 e 3 anos<\/p>\n<p>Escolaridade M\u00ednima: Ensino M\u00e9dio (2\u00ba Grau)<\/p>\n<ul>\n<li>Vale Refei\u00e7\u00e3o<\/li>\n<li>Vale Transporte<\/li>\n<li>Desconto nas marcas<\/li>\n<li>Gympass<\/li>\n<li>Assist\u00eancia m\u00e9dica<\/li>\n<li>Vale Alimenta\u00e7\u00e3o<\/li>\n<li>Assist\u00eancia odontol\u00f3gica<\/li>\n<li>Psicologia Viva<\/li>\n<li>New Value<\/li>\n<\/ul>\n<p>Sal\u00e1rio: 1823,35<\/p>\n","protected":false},"excerpt":{"rendered":"<p>Nosso time \u00e9 formado por pessoas com brilho no olho e vontade de fazer a diferen\u00e7a. Temos objetivo de encantar clientes do Brasil e do mundo, com prop\u00f3sito de Interpretar Tend\u00eancias e Despertar Desejos. Se voc\u00ea tamb\u00e9m faz com paix\u00e3o, tem flexibilidade, transpar\u00eancia, envolvimento, gosta de trabalhar com uni\u00e3o e desafio, a Arezzo&amp;Co pode ser [&hellip;]<\/p>\n","protected":false},"author":1,"featured_media":0,"comment_status":"open","ping_status":"open","sticky":false,"template":"","format":"standard","meta":{"footnotes":""},"categories":[21],"tags":[],"class_list":["post-1494","post","type-post","status-publish","format-standard","hentry","category-rio-de-janeiro-rj"],"_links":{"self":[{"href":"https:\/\/vagas.portalemprego.com.br\/index.php?rest_route=\/wp\/v2\/posts\/1494","targetHints":{"allow":["GET"]}}],"collection":[{"href":"https:\/\/vagas.portalemprego.com.br\/index.php?rest_route=\/wp\/v2\/posts"}],"about":[{"href":"https:\/\/vagas.portalemprego.com.br\/index.php?rest_route=\/wp\/v2\/types\/post"}],"author":[{"embeddable":true,"href":"https:\/\/vagas.portalemprego.com.br\/index.php?rest_route=\/wp\/v2\/users\/1"}],"replies":[{"embeddable":true,"href":"https:\/\/vagas.portalemprego.com.br\/index.php?rest_route=%2Fwp%2Fv2%2Fcomments&post=1494"}],"version-history":[{"count":0,"href":"https:\/\/vagas.portalemprego.com.br\/index.php?rest_route=\/wp\/v2\/posts\/1494\/revisions"}],"wp:attachment":[{"href":"https:\/\/vagas.portalemprego.com.br\/index.php?rest_route=%2Fwp%2Fv2%2Fmedia&parent=1494"}],"wp:term":[{"taxonomy":"category","embeddable":true,"href":"https:\/\/vagas.portalemprego.com.br\/index.php?rest_route=%2Fwp%2Fv2%2Fcategories&post=1494"},{"taxonomy":"post_tag","embeddable":true,"href":"https:\/\/vagas.portalemprego.com.br\/index.php?rest_route=%2Fwp%2Fv2%2Ftags&post=1494"}],"curies":[{"name":"wp","href":"https:\/\/api.w.org\/{rel}","templated":true}]}}