{"id":1495,"date":"2026-04-29T06:05:05","date_gmt":"2026-04-29T09:05:05","guid":{"rendered":"https:\/\/vagas.portalemprego.com.br\/?p=1495"},"modified":"2026-04-29T06:05:05","modified_gmt":"2026-04-29T09:05:05","slug":"consultor-de-vendas-pj-comercial-vendas-rio-de-janeiro","status":"publish","type":"post","link":"https:\/\/vagas.portalemprego.com.br\/?p=1495","title":{"rendered":"Consultor de Vendas PJ &#8211; Comercial, Vendas &#8211; Rio de Janeiro"},"content":{"rendered":"<p>Estamos em busca de um(a) Consultor(a) de Vendas comprometido(a), pontual, proativo, com boa comunica\u00e7\u00e3o , com foco em resultados e metas e disposi\u00e7\u00e3o para atuar em um dos nossos clientes.<br \/>\nAtividades:<br \/>\n\u2022 Prospec\u00e7\u00e3o ativa de clientes em campo (visitas externas di\u00e1rias);<br \/>\n\u2022 Apresenta\u00e7\u00e3o de produtos e solu\u00e7\u00f5es voltadas ao segmento fitness;<br \/>\n\u2022 Abertura de novos clientes e expans\u00e3o da carteira;<br \/>\n\u2022 Negocia\u00e7\u00e3o comercial e fechamento de vendas;<br \/>\n\u2022 Acompanhamento do funil de vendas e p\u00f3s-venda;<br \/>\n\u2022 Mapeamento de mercado e identifica\u00e7\u00e3o de oportunidades comerciais;<br \/>\n\u2022 Registro de visitas, contatos e negocia\u00e7\u00f5es em sistema ou relat\u00f3rios;<br \/>\n\u2022 Atua\u00e7\u00e3o estrat\u00e9gica para aumento de performance e atingimento de metas.<br \/>\nRequisitos:<br \/>\n\u2022 Experi\u00eancia com vendas externas e prospec\u00e7\u00e3o ativa (porta a porta ou PAP);<br \/>\n\u2022 Viv\u00eancia na \u00e1rea comercial com foco em resultados e metas;<br \/>\n\u2022 Boa comunica\u00e7\u00e3o, negocia\u00e7\u00e3o e persuas\u00e3o;<br \/>\n\u2022 Desej\u00e1vel afinidade ou atua\u00e7\u00e3o no segmento fitness;<br \/>\n\u2022 Ensino m\u00e9dio completo (superior ser\u00e1 um diferencial);<br \/>\n\u2022\u00a0Conhecimento em sistemas de CRM;<br \/>\n\u2022\u00a0Viv\u00eancia no segmento fitness (ser\u00e1\u00a0um\u00a0diferencial);<br \/>\n\u2022 Disponibilidade para atua\u00e7\u00e3o externa (campo).<br \/>\nLocal de Trabalho: Principal em S\u00e3o Crist\u00f3v\u00e3o, mas com atua\u00e7\u00e3o externa.<br \/>\nHor\u00e1rio de Trabalho: De acordo com a agenda de visitas e a estrat\u00e9gia comercial.<br \/>\nRemunera\u00e7\u00e3o: Sal\u00e1rio fixo + Comiss\u00f5es atrativas.<br \/>\nVantagem: Ajuda de custo para deslocamentos.<\/p>\n<ul>\n<li>Local de trabalho: Rio de Janeiro, RJ<\/li>\n<li>Regime de contrata\u00e7\u00e3o de tipo: Prestador de Servi\u00e7os (PJ)<\/li>\n<li>Jornada: Per\u00edodo Integral<\/li>\n<li>\u00c1rea e especializa\u00e7\u00e3o profissional: Comercial, Vendas &#8211; Venda Externa<\/li>\n<li>N\u00edvel hier\u00e1rquico: Consultor<\/li>\n<\/ul>\n<p>VALORIZADO<\/p>\n<p>Tempo de experi\u00eancia: Entre 3 e 5 anos<\/p>\n<p>HABILIDADES<\/p>\n<ul>\n<li>Perfil consultivo em vendas<\/li>\n<li>Habilidade em negocia\u00e7\u00e3o e argumenta\u00e7\u00e3o comercial<\/li>\n<li>Capacidade de identificar oportunidades de neg\u00f3cio<\/li>\n<li>Orienta\u00e7\u00e3o para resultados e performance<\/li>\n<li>Facilidade em criar relacionamento com clientes<\/li>\n<\/ul>\n<p>Escolaridade M\u00ednima: Ensino M\u00e9dio (2\u00ba Grau)<\/p>\n","protected":false},"excerpt":{"rendered":"<p>Estamos em busca de um(a) Consultor(a) de Vendas comprometido(a), pontual, proativo, com boa comunica\u00e7\u00e3o , com foco em resultados e metas e disposi\u00e7\u00e3o para atuar em um dos nossos clientes. Atividades: \u2022 Prospec\u00e7\u00e3o ativa de clientes em campo (visitas externas di\u00e1rias); \u2022 Apresenta\u00e7\u00e3o de produtos e solu\u00e7\u00f5es voltadas ao segmento fitness; \u2022 Abertura de novos [&hellip;]<\/p>\n","protected":false},"author":1,"featured_media":0,"comment_status":"open","ping_status":"open","sticky":false,"template":"","format":"standard","meta":{"footnotes":""},"categories":[21],"tags":[],"class_list":["post-1495","post","type-post","status-publish","format-standard","hentry","category-rio-de-janeiro-rj"],"_links":{"self":[{"href":"https:\/\/vagas.portalemprego.com.br\/index.php?rest_route=\/wp\/v2\/posts\/1495","targetHints":{"allow":["GET"]}}],"collection":[{"href":"https:\/\/vagas.portalemprego.com.br\/index.php?rest_route=\/wp\/v2\/posts"}],"about":[{"href":"https:\/\/vagas.portalemprego.com.br\/index.php?rest_route=\/wp\/v2\/types\/post"}],"author":[{"embeddable":true,"href":"https:\/\/vagas.portalemprego.com.br\/index.php?rest_route=\/wp\/v2\/users\/1"}],"replies":[{"embeddable":true,"href":"https:\/\/vagas.portalemprego.com.br\/index.php?rest_route=%2Fwp%2Fv2%2Fcomments&post=1495"}],"version-history":[{"count":0,"href":"https:\/\/vagas.portalemprego.com.br\/index.php?rest_route=\/wp\/v2\/posts\/1495\/revisions"}],"wp:attachment":[{"href":"https:\/\/vagas.portalemprego.com.br\/index.php?rest_route=%2Fwp%2Fv2%2Fmedia&parent=1495"}],"wp:term":[{"taxonomy":"category","embeddable":true,"href":"https:\/\/vagas.portalemprego.com.br\/index.php?rest_route=%2Fwp%2Fv2%2Fcategories&post=1495"},{"taxonomy":"post_tag","embeddable":true,"href":"https:\/\/vagas.portalemprego.com.br\/index.php?rest_route=%2Fwp%2Fv2%2Ftags&post=1495"}],"curies":[{"name":"wp","href":"https:\/\/api.w.org\/{rel}","templated":true}]}}