{"id":1499,"date":"2026-04-29T06:05:05","date_gmt":"2026-04-29T09:05:05","guid":{"rendered":"https:\/\/vagas.portalemprego.com.br\/?p=1499"},"modified":"2026-04-29T06:05:05","modified_gmt":"2026-04-29T09:05:05","slug":"analista-de-recursos-humanos-recursos-humanos-rio-de-janeiro-2","status":"publish","type":"post","link":"https:\/\/vagas.portalemprego.com.br\/?p=1499","title":{"rendered":"Analista de Recursos Humanos &#8211; Recursos Humanos &#8211; Rio de Janeiro"},"content":{"rendered":"<p>Estamos em busca de um(a) profissional para atuar de forma estrat\u00e9gica na \u00e1rea de Recursos Humanos, contribuindo para o desenvolvimento de pessoas e dos resultados do neg\u00f3cio.<br \/>\nPrincipais responsabilidades:<br \/>\nAtuar de forma estrat\u00e9gica nos processos de Recrutamento e Sele\u00e7\u00e3o, incluindo entrevistas de desligamento e an\u00e1lise de indicadores;<br \/>\nGerenciar processos de admiss\u00e3o, movimenta\u00e7\u00f5es e desligamentos em parceria com a folha de pagamento, garantindo conformidade;<br \/>\nElaborar e atualizar descri\u00e7\u00f5es de cargos e apoiar na estrutura\u00e7\u00e3o de pol\u00edticas e procedimentos de RH;<br \/>\nConduzir onboarding de novos colaboradores, promovendo integra\u00e7\u00e3o \u00e0 cultura organizacional;<br \/>\nAtuar em parceria com consultorias de RH, assegurando qualidade e alinhamento das entregas;<br \/>\nIdentificar necessidades de treinamento junto \u00e0s lideran\u00e7as, planejando, executando e avaliando a\u00e7\u00f5es de desenvolvimento;<br \/>\nApoiar a\u00e7\u00f5es de comunica\u00e7\u00e3o interna e engajamento, incluindo eventos corporativos;<br \/>\nAcompanhar indicadores de RH e resultados de pesquisa de clima, propondo melhorias cont\u00ednuas;<br \/>\nGarantir o cumprimento das normas internas, al\u00e9m de identificar e comunicar situa\u00e7\u00f5es de risco;<br \/>\nExecutar outras atividades correlatas \u00e0 fun\u00e7\u00e3o, conforme demanda da \u00e1rea.<\/p>\n<ul>\n<li>Local de trabalho: Rio de Janeiro, RJ<\/li>\n<li>Regime de contrata\u00e7\u00e3o de tipo: Efetivo \u2013 CLT<\/li>\n<li>Jornada: Per\u00edodo Integral<\/li>\n<li>\u00c1rea e especializa\u00e7\u00e3o profissional: Recursos Humanos &#8211; Recursos Humanos (Generalista)<\/li>\n<li>N\u00edvel hier\u00e1rquico: Analista<\/li>\n<\/ul>\n<p>VALORIZADO<\/p>\n<p>Tempo de experi\u00eancia: Entre 3 e 5 anos<\/p>\n<p>HABILIDADES<\/p>\n<ul>\n<li>Indicadores de RH<\/li>\n<li>Treinamento e desenvolvimento<\/li>\n<li>Pesquisa de clima<\/li>\n<li>Avalia\u00e7\u00e3o de desempenho<\/li>\n<li>An\u00e1lise de dados de RH<\/li>\n<\/ul>\n<p>Escolaridade M\u00ednima: Ensino Superior<\/p>\n<p>Forma\u00e7\u00e3o desejada:<\/p>\n<ul>\n<li>Administra\u00e7\u00e3o de empresas, Ensino Superior<\/li>\n<li>Gest\u00e3o de Recursos Humanos, Ensino Superior<\/li>\n<\/ul>\n<ul>\n<li>Seguro de Vida<\/li>\n<li>Aux\u00edlio refei\u00e7\u00e3o<\/li>\n<li>Plano de Sa\u00fade<\/li>\n<li>Aux\u00edlio transporte\/ combust\u00edvel<\/li>\n<li>Plano odontol\u00f3gico<\/li>\n<\/ul>\n<p>Sal\u00e1rio: 4000,0<\/p>\n","protected":false},"excerpt":{"rendered":"<p>Estamos em busca de um(a) profissional para atuar de forma estrat\u00e9gica na \u00e1rea de Recursos Humanos, contribuindo para o desenvolvimento de pessoas e dos resultados do neg\u00f3cio. Principais responsabilidades: Atuar de forma estrat\u00e9gica nos processos de Recrutamento e Sele\u00e7\u00e3o, incluindo entrevistas de desligamento e an\u00e1lise de indicadores; Gerenciar processos de admiss\u00e3o, movimenta\u00e7\u00f5es e desligamentos em [&hellip;]<\/p>\n","protected":false},"author":1,"featured_media":0,"comment_status":"open","ping_status":"open","sticky":false,"template":"","format":"standard","meta":{"footnotes":""},"categories":[21],"tags":[],"class_list":["post-1499","post","type-post","status-publish","format-standard","hentry","category-rio-de-janeiro-rj"],"_links":{"self":[{"href":"https:\/\/vagas.portalemprego.com.br\/index.php?rest_route=\/wp\/v2\/posts\/1499","targetHints":{"allow":["GET"]}}],"collection":[{"href":"https:\/\/vagas.portalemprego.com.br\/index.php?rest_route=\/wp\/v2\/posts"}],"about":[{"href":"https:\/\/vagas.portalemprego.com.br\/index.php?rest_route=\/wp\/v2\/types\/post"}],"author":[{"embeddable":true,"href":"https:\/\/vagas.portalemprego.com.br\/index.php?rest_route=\/wp\/v2\/users\/1"}],"replies":[{"embeddable":true,"href":"https:\/\/vagas.portalemprego.com.br\/index.php?rest_route=%2Fwp%2Fv2%2Fcomments&post=1499"}],"version-history":[{"count":0,"href":"https:\/\/vagas.portalemprego.com.br\/index.php?rest_route=\/wp\/v2\/posts\/1499\/revisions"}],"wp:attachment":[{"href":"https:\/\/vagas.portalemprego.com.br\/index.php?rest_route=%2Fwp%2Fv2%2Fmedia&parent=1499"}],"wp:term":[{"taxonomy":"category","embeddable":true,"href":"https:\/\/vagas.portalemprego.com.br\/index.php?rest_route=%2Fwp%2Fv2%2Fcategories&post=1499"},{"taxonomy":"post_tag","embeddable":true,"href":"https:\/\/vagas.portalemprego.com.br\/index.php?rest_route=%2Fwp%2Fv2%2Ftags&post=1499"}],"curies":[{"name":"wp","href":"https:\/\/api.w.org\/{rel}","templated":true}]}}