{"id":1502,"date":"2026-04-29T06:05:05","date_gmt":"2026-04-29T09:05:05","guid":{"rendered":"https:\/\/vagas.portalemprego.com.br\/?p=1502"},"modified":"2026-04-29T06:05:05","modified_gmt":"2026-04-29T09:05:05","slug":"estagiaria-cabo-frio-rj-administracao-cabo-frio","status":"publish","type":"post","link":"https:\/\/vagas.portalemprego.com.br\/?p=1502","title":{"rendered":"Est\u00e1giaria (Cabo Frio\/RJ) &#8211; Administra\u00e7\u00e3o &#8211; Cabo Frio"},"content":{"rendered":"<p>Buscamos uma estagi\u00e1ria multifuncional para atuar diretamente com a dire\u00e7\u00e3o da empresa, prestando suporte profissional e pessoal no dia a dia.<\/p>\n<p>\u00c9 uma posi\u00e7\u00e3o din\u00e2mica, ideal para quem deseja aprender na pr\u00e1tica e se desenvolver em diversas \u00e1reas como atendimento, organiza\u00e7\u00e3o, marketing e gest\u00e3o.<\/p>\n<p>?? Forma\u00e7\u00e3o desejada<br \/>\nEnsino superior em andamento em:<\/p>\n<p>Administra\u00e7\u00e3o<br \/>\nMarketing<br \/>\nPublicidade e Propaganda<br \/>\n\u00c1reas correlatas<\/p>\n<p>?? Principais atividades<\/p>\n<p>Aux\u00edlio direto nas tarefas da gestora do escrit\u00f3rio <\/p>\n<p>Atualiza\u00e7\u00e3o de cadastro de produtos em marktplace e sites.<\/p>\n<p>Atendimento a clientes e fornecedores (WhatsApp, telefone e e-mail)<\/p>\n<p>Organiza\u00e7\u00e3o de agenda e rotinas administrativas<br \/>\nPreenchimento e controle de planilhas (Excel)<\/p>\n<p>Apoio na cria\u00e7\u00e3o de artes no Canva<\/p>\n<p>Gest\u00e3o e atualiza\u00e7\u00e3o de redes sociais<\/p>\n<p>Apoio em a\u00e7\u00f5es de marketing<br \/>\nAtualiza\u00e7\u00e3o e alimenta\u00e7\u00e3o do site (cadastro de produtos, conte\u00fados, etc.)<\/p>\n<p>Elabora\u00e7\u00e3o de or\u00e7amentos, planilhas e memoriais descritivos<\/p>\n<p>Suporte geral \u00e0s demandas da diretoria (profissionais e pessoais)<\/p>\n<p>??? Requisitos<\/p>\n<p>Conhecimento b\u00e1sico\/intermedi\u00e1rio em Pacote Office (especialmente Excel)<\/p>\n<p>Conhecimento intermedi\u00e1rio em Canva<\/p>\n<p>Familiaridade com redes sociais (postagem, intera\u00e7\u00e3o e din\u00e2mica)<\/p>\n<p>Boa comunica\u00e7\u00e3o escrita e verbal<\/p>\n<p>Organiza\u00e7\u00e3o e aten\u00e7\u00e3o aos detalhes<\/p>\n<p>Proatividade e facilidade para lidar com m\u00faltiplas tarefas<\/p>\n<p>Diferenciais:<\/p>\n<p>No\u00e7\u00e3o de marketing digital<\/p>\n<p>Conhecimento b\u00e1sico em an\u00fancios (Google Ads ou similares)<\/p>\n<p>?? Perfil comportamental<\/p>\n<p>Proativa e resolutiva<\/p>\n<p>Organizada e comprometida<\/p>\n<p>Boa conviv\u00eancia em equipe<br \/>\nDiscreta (lidar\u00e1 com demandas pessoais da diretoria)<\/p>\n<p>Flex\u00edvel e com vontade de aprender<\/p>\n<p>?? Local e condi\u00e7\u00f5es<br \/>\nLocal: Cabo Frio \u2013 RJ (preferencialmente morar pr\u00f3ximo a Parque Burle ou Palmeiras)<\/p>\n<p>Modelo: Presencial (100%)<br \/>\nHor\u00e1rio: Segunda a sexta, das 14h \u00e0s 19h<br \/>\n Bolsa est\u00e1gio: 750.00 \/ Aux\u00edlio transporte 100.00<\/p>\n<p>Ambiente: Escrit\u00f3rio pet-friendly (necess\u00e1rio gostar de animais \/ n\u00e3o ter medo de cachorro)<\/p>\n<p>Acesso: Sala localizada no 3\u00ba andar (acesso apenas por escadas)<\/p>\n<ul>\n<li>Local de trabalho: Cabo Frio, RJ<\/li>\n<li>Regime de contrata\u00e7\u00e3o de tipo: Est\u00e1gio<\/li>\n<li>Jornada: Parcial tardes<\/li>\n<li>\u00c1rea e especializa\u00e7\u00e3o profissional: Administra\u00e7\u00e3o &#8211; Administra\u00e7\u00e3o Geral<\/li>\n<li>N\u00edvel hier\u00e1rquico: Operacional<\/li>\n<\/ul>\n<p>Escolaridade M\u00ednima: Ensino Superior<\/p>\n<ul>\n<li>Vale-transporte<\/li>\n<\/ul>\n<p>Sal\u00e1rio: 750,0<\/p>\n","protected":false},"excerpt":{"rendered":"<p>Buscamos uma estagi\u00e1ria multifuncional para atuar diretamente com a dire\u00e7\u00e3o da empresa, prestando suporte profissional e pessoal no dia a dia. \u00c9 uma posi\u00e7\u00e3o din\u00e2mica, ideal para quem deseja aprender na pr\u00e1tica e se desenvolver em diversas \u00e1reas como atendimento, organiza\u00e7\u00e3o, marketing e gest\u00e3o. ?? Forma\u00e7\u00e3o desejada Ensino superior em andamento em: Administra\u00e7\u00e3o Marketing Publicidade [&hellip;]<\/p>\n","protected":false},"author":1,"featured_media":0,"comment_status":"open","ping_status":"open","sticky":false,"template":"","format":"standard","meta":{"footnotes":""},"categories":[21],"tags":[],"class_list":["post-1502","post","type-post","status-publish","format-standard","hentry","category-rio-de-janeiro-rj"],"_links":{"self":[{"href":"https:\/\/vagas.portalemprego.com.br\/index.php?rest_route=\/wp\/v2\/posts\/1502","targetHints":{"allow":["GET"]}}],"collection":[{"href":"https:\/\/vagas.portalemprego.com.br\/index.php?rest_route=\/wp\/v2\/posts"}],"about":[{"href":"https:\/\/vagas.portalemprego.com.br\/index.php?rest_route=\/wp\/v2\/types\/post"}],"author":[{"embeddable":true,"href":"https:\/\/vagas.portalemprego.com.br\/index.php?rest_route=\/wp\/v2\/users\/1"}],"replies":[{"embeddable":true,"href":"https:\/\/vagas.portalemprego.com.br\/index.php?rest_route=%2Fwp%2Fv2%2Fcomments&post=1502"}],"version-history":[{"count":0,"href":"https:\/\/vagas.portalemprego.com.br\/index.php?rest_route=\/wp\/v2\/posts\/1502\/revisions"}],"wp:attachment":[{"href":"https:\/\/vagas.portalemprego.com.br\/index.php?rest_route=%2Fwp%2Fv2%2Fmedia&parent=1502"}],"wp:term":[{"taxonomy":"category","embeddable":true,"href":"https:\/\/vagas.portalemprego.com.br\/index.php?rest_route=%2Fwp%2Fv2%2Fcategories&post=1502"},{"taxonomy":"post_tag","embeddable":true,"href":"https:\/\/vagas.portalemprego.com.br\/index.php?rest_route=%2Fwp%2Fv2%2Ftags&post=1502"}],"curies":[{"name":"wp","href":"https:\/\/api.w.org\/{rel}","templated":true}]}}