{"id":1506,"date":"2026-04-29T06:05:05","date_gmt":"2026-04-29T09:05:05","guid":{"rendered":"https:\/\/vagas.portalemprego.com.br\/?p=1506"},"modified":"2026-04-29T06:05:05","modified_gmt":"2026-04-29T09:05:05","slug":"jovem-aprendiz-estoquista-comercial-vendas-rio-de-janeiro","status":"publish","type":"post","link":"https:\/\/vagas.portalemprego.com.br\/?p=1506","title":{"rendered":"Jovem Aprendiz Estoquista &#8211; Comercial, Vendas &#8211; Rio de Janeiro"},"content":{"rendered":"<p>\u2022\tFun\u00e7\u00e3o: Apoio na organiza\u00e7\u00e3o do estoque, confer\u00eancia e separa\u00e7\u00e3o de mercadorias.<br \/>\n\u2022\tRequisitos: proatividade e disposi\u00e7\u00e3o para aprender.<br \/>\n\u2022\tTipo de vaga: Jovem Aprendiz<br \/>\n\u2022\tHor\u00e1rio: Segunda a sexta, das 13h \u00e0s 17h<br \/>\n\u2022\tSal\u00e1rio: R$ 737,00 + Vale-transporte<\/p>\n<ul>\n<li>N\u00famero de vagas: 2<\/li>\n<li>Local de trabalho: Rio de Janeiro, RJ<\/li>\n<li>Regime de contrata\u00e7\u00e3o de tipo: Jovem Aprendiz<\/li>\n<li>Jornada: Parcial tardes<\/li>\n<li>\u00c1rea e especializa\u00e7\u00e3o profissional: Comercial, Vendas &#8211; Venda Interna<\/li>\n<li>N\u00edvel hier\u00e1rquico: Operacional<\/li>\n<\/ul>\n<p>Escolaridade M\u00ednima: Ensino M\u00e9dio (2\u00ba Grau)<\/p>\n<p>Sal\u00e1rio: 737,0<\/p>\n","protected":false},"excerpt":{"rendered":"<p>\u2022 Fun\u00e7\u00e3o: Apoio na organiza\u00e7\u00e3o do estoque, confer\u00eancia e separa\u00e7\u00e3o de mercadorias. \u2022 Requisitos: proatividade e disposi\u00e7\u00e3o para aprender. \u2022 Tipo de vaga: Jovem Aprendiz \u2022 Hor\u00e1rio: Segunda a sexta, das 13h \u00e0s 17h \u2022 Sal\u00e1rio: R$ 737,00 + Vale-transporte N\u00famero de vagas: 2 Local de trabalho: Rio de Janeiro, RJ Regime de contrata\u00e7\u00e3o de [&hellip;]<\/p>\n","protected":false},"author":1,"featured_media":0,"comment_status":"open","ping_status":"open","sticky":false,"template":"","format":"standard","meta":{"footnotes":""},"categories":[21],"tags":[],"class_list":["post-1506","post","type-post","status-publish","format-standard","hentry","category-rio-de-janeiro-rj"],"_links":{"self":[{"href":"https:\/\/vagas.portalemprego.com.br\/index.php?rest_route=\/wp\/v2\/posts\/1506","targetHints":{"allow":["GET"]}}],"collection":[{"href":"https:\/\/vagas.portalemprego.com.br\/index.php?rest_route=\/wp\/v2\/posts"}],"about":[{"href":"https:\/\/vagas.portalemprego.com.br\/index.php?rest_route=\/wp\/v2\/types\/post"}],"author":[{"embeddable":true,"href":"https:\/\/vagas.portalemprego.com.br\/index.php?rest_route=\/wp\/v2\/users\/1"}],"replies":[{"embeddable":true,"href":"https:\/\/vagas.portalemprego.com.br\/index.php?rest_route=%2Fwp%2Fv2%2Fcomments&post=1506"}],"version-history":[{"count":0,"href":"https:\/\/vagas.portalemprego.com.br\/index.php?rest_route=\/wp\/v2\/posts\/1506\/revisions"}],"wp:attachment":[{"href":"https:\/\/vagas.portalemprego.com.br\/index.php?rest_route=%2Fwp%2Fv2%2Fmedia&parent=1506"}],"wp:term":[{"taxonomy":"category","embeddable":true,"href":"https:\/\/vagas.portalemprego.com.br\/index.php?rest_route=%2Fwp%2Fv2%2Fcategories&post=1506"},{"taxonomy":"post_tag","embeddable":true,"href":"https:\/\/vagas.portalemprego.com.br\/index.php?rest_route=%2Fwp%2Fv2%2Ftags&post=1506"}],"curies":[{"name":"wp","href":"https:\/\/api.w.org\/{rel}","templated":true}]}}