{"id":1508,"date":"2026-04-29T06:05:05","date_gmt":"2026-04-29T09:05:05","guid":{"rendered":"https:\/\/vagas.portalemprego.com.br\/?p=1508"},"modified":"2026-04-29T06:05:05","modified_gmt":"2026-04-29T09:05:05","slug":"caixa-atendente-shopping-da-gavea-alimentacao-gastronomia-rio-de-janeiro","status":"publish","type":"post","link":"https:\/\/vagas.portalemprego.com.br\/?p=1508","title":{"rendered":"CAIXA ATENDENTE -SHOPPING DA GAVEA &#8211; Alimenta\u00e7\u00e3o \/ Gastronomia &#8211; Rio de Janeiro"},"content":{"rendered":"<p>Voc\u00ea gosta de criar rela\u00e7\u00f5es e de gerar boas experi\u00eancias? J\u00e1 pensou em trabalhar em uma das maiores redes de alimenta\u00e7\u00e3o? Se voc\u00ea respondeu sim a todas essas perguntas, estamos procurando por VOC\u00ca!<\/p>\n<p>O que voc\u00ea vai fazer por aqui:<br \/>\nRespons\u00e1vel por atender as necessidades dos clientes, oferecendo um atendimento cordial e com empatia;<br \/>\nAuxiliar o chefe ou cozinheiro na prepara\u00e7\u00e3o, higieniza\u00e7\u00e3o, separa\u00e7\u00e3o e manuseio dos alimentos que ser\u00e3o utilizados;<br \/>\nAuxiliar na reposi\u00e7\u00e3o e exposi\u00e7\u00e3o de alimentos, visando garantir a qualidade e apresenta\u00e7\u00e3o.<br \/>\nO que buscamos:<br \/>\nEnsino Fundamental Completo;<br \/>\nDisponibilidade no hor\u00e1rio das: 14h \u00e0s 22h20<br \/>\nVontade de aprender e crescer.<br \/>\nNosso match ideal \u00e9 com voc\u00ea que:<br \/>\n\u00c9 comunicativo (a) e gosta de gente;<br \/>\nTem facilidade para trabalhar em equipe;<br \/>\nTem energia, proatividade e brilho nos olhos;<br \/>\nN\u00e3o \u00e9 necess\u00e1rio ter experi\u00eancia (desej\u00e1vel experi\u00eancia em produ\u00e7\u00e3o ou f\u00e1brica de alimentos).<br \/>\nO que oferecemos:<br \/>\nVale-transporte;<br \/>\nVale-alimenta\u00e7\u00e3o;<br \/>\nAlimenta\u00e7\u00e3o no local;<br \/>\nConv\u00eanio Farm\u00e1cia;<br \/>\nSeguro de vida;<br \/>\nPlano de sa\u00fade;<br \/>\nPlano odontol\u00f3gico;<br \/>\nParcerias com empresas de Entretenimento;<br \/>\nTotal Pass (benef\u00edcio de atividade f\u00edsica);<br \/>\nPlano de carreira para crescer com a gente.<br \/>\nAqui, seu talento \u00e9 reconhecido e seu esfor\u00e7o valorizado.<br \/>\nVenha fazer parte do nosso time!<\/p>\n<ul>\n<li>Local de trabalho: Rio de Janeiro, RJ<\/li>\n<li>Regime de contrata\u00e7\u00e3o de tipo: Efetivo \u2013 CLT<\/li>\n<li>Jornada: Parcial tardes<\/li>\n<li>\u00c1rea e especializa\u00e7\u00e3o profissional: Alimenta\u00e7\u00e3o \/ Gastronomia &#8211; Atendente \/ Recep\u00e7\u00e3o \/ Gar\u00e7om<\/li>\n<li>N\u00edvel hier\u00e1rquico: Operacional<\/li>\n<\/ul>\n<p>Escolaridade M\u00ednima: Ensino Fundamental (1\u00ba grau)<\/p>\n<p>Sal\u00e1rio: 1724,38<\/p>\n","protected":false},"excerpt":{"rendered":"<p>Voc\u00ea gosta de criar rela\u00e7\u00f5es e de gerar boas experi\u00eancias? J\u00e1 pensou em trabalhar em uma das maiores redes de alimenta\u00e7\u00e3o? Se voc\u00ea respondeu sim a todas essas perguntas, estamos procurando por VOC\u00ca! O que voc\u00ea vai fazer por aqui: Respons\u00e1vel por atender as necessidades dos clientes, oferecendo um atendimento cordial e com empatia; Auxiliar [&hellip;]<\/p>\n","protected":false},"author":1,"featured_media":0,"comment_status":"open","ping_status":"open","sticky":false,"template":"","format":"standard","meta":{"footnotes":""},"categories":[21],"tags":[],"class_list":["post-1508","post","type-post","status-publish","format-standard","hentry","category-rio-de-janeiro-rj"],"_links":{"self":[{"href":"https:\/\/vagas.portalemprego.com.br\/index.php?rest_route=\/wp\/v2\/posts\/1508","targetHints":{"allow":["GET"]}}],"collection":[{"href":"https:\/\/vagas.portalemprego.com.br\/index.php?rest_route=\/wp\/v2\/posts"}],"about":[{"href":"https:\/\/vagas.portalemprego.com.br\/index.php?rest_route=\/wp\/v2\/types\/post"}],"author":[{"embeddable":true,"href":"https:\/\/vagas.portalemprego.com.br\/index.php?rest_route=\/wp\/v2\/users\/1"}],"replies":[{"embeddable":true,"href":"https:\/\/vagas.portalemprego.com.br\/index.php?rest_route=%2Fwp%2Fv2%2Fcomments&post=1508"}],"version-history":[{"count":0,"href":"https:\/\/vagas.portalemprego.com.br\/index.php?rest_route=\/wp\/v2\/posts\/1508\/revisions"}],"wp:attachment":[{"href":"https:\/\/vagas.portalemprego.com.br\/index.php?rest_route=%2Fwp%2Fv2%2Fmedia&parent=1508"}],"wp:term":[{"taxonomy":"category","embeddable":true,"href":"https:\/\/vagas.portalemprego.com.br\/index.php?rest_route=%2Fwp%2Fv2%2Fcategories&post=1508"},{"taxonomy":"post_tag","embeddable":true,"href":"https:\/\/vagas.portalemprego.com.br\/index.php?rest_route=%2Fwp%2Fv2%2Ftags&post=1508"}],"curies":[{"name":"wp","href":"https:\/\/api.w.org\/{rel}","templated":true}]}}