{"id":1510,"date":"2026-04-29T06:05:05","date_gmt":"2026-04-29T09:05:05","guid":{"rendered":"https:\/\/vagas.portalemprego.com.br\/?p=1510"},"modified":"2026-04-29T06:05:05","modified_gmt":"2026-04-29T09:05:05","slug":"vendedor-barra-comercial-vendas-rio-de-janeiro","status":"publish","type":"post","link":"https:\/\/vagas.portalemprego.com.br\/?p=1510","title":{"rendered":"Vendedor Barra &#8211; Comercial, Vendas &#8211; Rio de Janeiro"},"content":{"rendered":"<p>Se voc\u00ea deseja atuar com grandes marcas, \u00e9 criativo; proativo; flex\u00edvel; e tem boa comunica\u00e7\u00e3o, essa vaga \u00e9 perfeita para voc\u00ea!<br \/>\nAtividades a serem desenvolvidas:<br \/>\nRealizar atendimento aos clientes com excel\u00eancia<br \/>\nEfetuar vendas, sempre buscando a satisfa\u00e7\u00e3o do cliente<br \/>\nEmbalar e entregar os produtos aos clientes de forma eficiente e cuidadosa<br \/>\nCadastrar novos clientes e manter o CRM atualizado<br \/>\nFidelizar clientes, promovendo o relacionamento cont\u00ednuo com a marca<br \/>\nManter a limpeza e organiza\u00e7\u00e3o da se\u00e7\u00e3o de vendas<br \/>\nRealizar a precifica\u00e7\u00e3o dos produtos<br \/>\nConhecimento T\u00e9cnico:<br \/>\nAtendimento ao p\u00fablico \/ T\u00e9cnicas de Vendas<br \/>\nEnsino M\u00e9dio Completo<br \/>\nObserva\u00e7\u00f5es sobre a vaga: Ser\u00e1 considerado um diferencial se o candidato j\u00e1 tiver experi\u00eancia em ambientes de shopping ou com escala de hor\u00e1rios semelhante, para facilitar a adapta\u00e7\u00e3o. Procuramos algu\u00e9m cuja rotina de trabalho habitual n\u00e3o tenha grandes mudan\u00e7as, garantindo satisfa\u00e7\u00e3o e bem-estar no desempenho das fun\u00e7\u00f5es.<\/p>\n<ul>\n<li>Local de trabalho: Rio de Janeiro, RJ<\/li>\n<li>Regime de contrata\u00e7\u00e3o de tipo: Efetivo \u2013 CLT<\/li>\n<li>Jornada: Parcial tardes<\/li>\n<li>\u00c1rea e especializa\u00e7\u00e3o profissional: Comercial, Vendas &#8211; Lojas \/ Shopping<\/li>\n<li>N\u00edvel hier\u00e1rquico: Operacional<\/li>\n<\/ul>\n<p>VALORIZADO<\/p>\n<p>Tempo de experi\u00eancia: Entre 1 e 3 anos<\/p>\n<p>Escolaridade M\u00ednima: Ensino M\u00e9dio (2\u00ba Grau)<\/p>\n<ul>\n<li>Seguro de Vida<\/li>\n<li>Cinemark<\/li>\n<li>Total Pass<\/li>\n<li>Convenio M\u00e9dico<\/li>\n<li>Vale Transporte<\/li>\n<li>Convenio Odontol\u00f3gico<\/li>\n<li>Golden Farma<\/li>\n<\/ul>\n<p>Sal\u00e1rio: 2500,0<\/p>\n","protected":false},"excerpt":{"rendered":"<p>Se voc\u00ea deseja atuar com grandes marcas, \u00e9 criativo; proativo; flex\u00edvel; e tem boa comunica\u00e7\u00e3o, essa vaga \u00e9 perfeita para voc\u00ea! Atividades a serem desenvolvidas: Realizar atendimento aos clientes com excel\u00eancia Efetuar vendas, sempre buscando a satisfa\u00e7\u00e3o do cliente Embalar e entregar os produtos aos clientes de forma eficiente e cuidadosa Cadastrar novos clientes e [&hellip;]<\/p>\n","protected":false},"author":1,"featured_media":0,"comment_status":"open","ping_status":"open","sticky":false,"template":"","format":"standard","meta":{"footnotes":""},"categories":[21],"tags":[],"class_list":["post-1510","post","type-post","status-publish","format-standard","hentry","category-rio-de-janeiro-rj"],"_links":{"self":[{"href":"https:\/\/vagas.portalemprego.com.br\/index.php?rest_route=\/wp\/v2\/posts\/1510","targetHints":{"allow":["GET"]}}],"collection":[{"href":"https:\/\/vagas.portalemprego.com.br\/index.php?rest_route=\/wp\/v2\/posts"}],"about":[{"href":"https:\/\/vagas.portalemprego.com.br\/index.php?rest_route=\/wp\/v2\/types\/post"}],"author":[{"embeddable":true,"href":"https:\/\/vagas.portalemprego.com.br\/index.php?rest_route=\/wp\/v2\/users\/1"}],"replies":[{"embeddable":true,"href":"https:\/\/vagas.portalemprego.com.br\/index.php?rest_route=%2Fwp%2Fv2%2Fcomments&post=1510"}],"version-history":[{"count":0,"href":"https:\/\/vagas.portalemprego.com.br\/index.php?rest_route=\/wp\/v2\/posts\/1510\/revisions"}],"wp:attachment":[{"href":"https:\/\/vagas.portalemprego.com.br\/index.php?rest_route=%2Fwp%2Fv2%2Fmedia&parent=1510"}],"wp:term":[{"taxonomy":"category","embeddable":true,"href":"https:\/\/vagas.portalemprego.com.br\/index.php?rest_route=%2Fwp%2Fv2%2Fcategories&post=1510"},{"taxonomy":"post_tag","embeddable":true,"href":"https:\/\/vagas.portalemprego.com.br\/index.php?rest_route=%2Fwp%2Fv2%2Ftags&post=1510"}],"curies":[{"name":"wp","href":"https:\/\/api.w.org\/{rel}","templated":true}]}}