{"id":1511,"date":"2026-04-29T06:05:05","date_gmt":"2026-04-29T09:05:05","guid":{"rendered":"https:\/\/vagas.portalemprego.com.br\/?p=1511"},"modified":"2026-04-29T06:05:05","modified_gmt":"2026-04-29T09:05:05","slug":"tecnico-de-suporte-ti-ferista-informatica-ti-telecomunicacoes-rio-de-janeiro","status":"publish","type":"post","link":"https:\/\/vagas.portalemprego.com.br\/?p=1511","title":{"rendered":"T\u00e9cnico de Suporte  TI- Ferista &#8211; Inform\u00e1tica, TI, Telecomunica\u00e7\u00f5es &#8211; Rio de Janeiro"},"content":{"rendered":"<p>Estamos desde 2011 nos consolidando no mercado, como uma empresa especializada em solu\u00e7\u00f5es de TI. Com um portf\u00f3lio de servi\u00e7os de End User Support e Professional Services.<br \/>\nEstamos ampliando ainda mais a nossa presen\u00e7a no mercado e tendo mais de 70 profissionais distribu\u00eddos em diversas regi\u00f5es do pa\u00eds, atendendo 100% do territ\u00f3rio nacional.<br \/>\nAtualmente, somos uma empresa com refer\u00eancias em nossos servi\u00e7os ofertados, para grandes Players do Mercado, atendendo grandes clientes IT, como por exemplo: Algar, Stefanini, Sonda IT, Tech Mahindra, Atos, Positivo, Atento e outros.<br \/>\nGostou? Veja a oportunidade que estamos oferecendo:<br \/>\nT\u00e9cnico de Suporte PL<br \/>\n??Tipo de oportunidade: CLT;\u00a0<br \/>\n??Modelo: Presencial &#8211; Per\u00edodo Indeterminado;\u00a0<br \/>\n?? Santo Cristo, Rio de Janeiro &#8211; RJ<br \/>\n? Segunda \u00e0 Sexta-feira | Hor\u00e1rio Comercial.\u00a0<br \/>\nResponsabilidades:\u00a0<br \/>\nSuporte a Laptops\/Desktop, inclus\u00e3o\/exclus\u00e3o de equipamentos no parque, movimenta\u00e7\u00e3o de equipamentos, manuten\u00e7\u00e3o de impressoras (mapeamento na rede\/e orientando sobre o fornecedor respons\u00e1vel que fica na matriz), suporte a Smartphones\/tablets, suporte a eventos externos (Como apoio a salas para videoconfer\u00eancias entre outros);<br \/>\nSuporte a Softwares como testes de homologa\u00e7\u00e3o de novos aplicativos, sistemas e equipamentos de microinform\u00e1tica entre outros, atendimento VIP.<br \/>\nRequisitos e Qualifica\u00e7\u00f5es:\u00a0<br \/>\nTer conhecimento t\u00e9cnico avan\u00e7ado voltado para as fun\u00e7\u00f5es que descrevemos nas atividades;<br \/>\nViv\u00eancia com usu\u00e1rios finais, al\u00e9m de diretores e gerentes;<br \/>\nDisponibilidade para atender outras unidades em campo.<\/p>\n<ul>\n<li>Local de trabalho: Rio de Janeiro, RJ<\/li>\n<li>Regime de contrata\u00e7\u00e3o de tipo: Efetivo \u2013 CLT<\/li>\n<li>Jornada: Per\u00edodo Integral<\/li>\n<li>\u00c1rea e especializa\u00e7\u00e3o profissional: Inform\u00e1tica, TI, Telecomunica\u00e7\u00f5es &#8211; TI<\/li>\n<li>N\u00edvel hier\u00e1rquico: Operacional<\/li>\n<\/ul>\n<p>VALORIZADO<\/p>\n<p>Tempo de experi\u00eancia: Entre 1 e 3 anos<\/p>\n<p>Escolaridade M\u00ednima: Curso T\u00e9cnico<\/p>\n<p>Forma\u00e7\u00e3o desejada:<\/p>\n<ul>\n<li>Inform\u00e1tica, Curso T\u00e9cnico<\/li>\n<li>Inform\u00e1tica para internet, Curso T\u00e9cnico<\/li>\n<li>Manuten\u00e7\u00e3o e suporte em inform\u00e1tica, Curso T\u00e9cnico<\/li>\n<\/ul>\n<ul>\n<li>Vale Alimenta\u00e7\u00e3o<\/li>\n<li>Bolsa Faculdade<\/li>\n<li>Seguro de Vida<\/li>\n<li>Plano odontol\u00f3gico<\/li>\n<li>Convenio M\u00e9dico<\/li>\n<li>Vale-transporte<\/li>\n<\/ul>\n","protected":false},"excerpt":{"rendered":"<p>Estamos desde 2011 nos consolidando no mercado, como uma empresa especializada em solu\u00e7\u00f5es de TI. Com um portf\u00f3lio de servi\u00e7os de End User Support e Professional Services. Estamos ampliando ainda mais a nossa presen\u00e7a no mercado e tendo mais de 70 profissionais distribu\u00eddos em diversas regi\u00f5es do pa\u00eds, atendendo 100% do territ\u00f3rio nacional. Atualmente, somos [&hellip;]<\/p>\n","protected":false},"author":1,"featured_media":0,"comment_status":"open","ping_status":"open","sticky":false,"template":"","format":"standard","meta":{"footnotes":""},"categories":[21],"tags":[],"class_list":["post-1511","post","type-post","status-publish","format-standard","hentry","category-rio-de-janeiro-rj"],"_links":{"self":[{"href":"https:\/\/vagas.portalemprego.com.br\/index.php?rest_route=\/wp\/v2\/posts\/1511","targetHints":{"allow":["GET"]}}],"collection":[{"href":"https:\/\/vagas.portalemprego.com.br\/index.php?rest_route=\/wp\/v2\/posts"}],"about":[{"href":"https:\/\/vagas.portalemprego.com.br\/index.php?rest_route=\/wp\/v2\/types\/post"}],"author":[{"embeddable":true,"href":"https:\/\/vagas.portalemprego.com.br\/index.php?rest_route=\/wp\/v2\/users\/1"}],"replies":[{"embeddable":true,"href":"https:\/\/vagas.portalemprego.com.br\/index.php?rest_route=%2Fwp%2Fv2%2Fcomments&post=1511"}],"version-history":[{"count":0,"href":"https:\/\/vagas.portalemprego.com.br\/index.php?rest_route=\/wp\/v2\/posts\/1511\/revisions"}],"wp:attachment":[{"href":"https:\/\/vagas.portalemprego.com.br\/index.php?rest_route=%2Fwp%2Fv2%2Fmedia&parent=1511"}],"wp:term":[{"taxonomy":"category","embeddable":true,"href":"https:\/\/vagas.portalemprego.com.br\/index.php?rest_route=%2Fwp%2Fv2%2Fcategories&post=1511"},{"taxonomy":"post_tag","embeddable":true,"href":"https:\/\/vagas.portalemprego.com.br\/index.php?rest_route=%2Fwp%2Fv2%2Ftags&post=1511"}],"curies":[{"name":"wp","href":"https:\/\/api.w.org\/{rel}","templated":true}]}}