{"id":1517,"date":"2026-04-29T06:05:05","date_gmt":"2026-04-29T09:05:05","guid":{"rendered":"https:\/\/vagas.portalemprego.com.br\/?p=1517"},"modified":"2026-04-29T06:05:05","modified_gmt":"2026-04-29T09:05:05","slug":"assistente-administrativo-hospitalar-barra-da-tijuca-rj-saude-rio-de-janeiro","status":"publish","type":"post","link":"https:\/\/vagas.portalemprego.com.br\/?p=1517","title":{"rendered":"Assistente Administrativo Hospitalar &#8211; BARRA DA TIJUCA\/RJ &#8211; Sa\u00fade &#8211; Rio de Janeiro"},"content":{"rendered":"<p>Empresa no seguimento de sa\u00fade contrata Assistente Administrativo para atuar em um de seus hospitais na regi\u00e3o da Barra da Tijuca. O profissional  ir\u00e1 receber, orientar e cadastrar interna\u00e7\u00f5es eletivas e de emerg\u00eancia, encaminhar os pacientes eletivos internados at\u00e9 a acomoda\u00e7\u00e3o de acordo com o leito disponibilizado pelo gerenciamento de leitos, confeccionar o mapa cir\u00fargico eletivo, conferindo e imprimindo as guias de interna\u00e7\u00e3o e formul\u00e1rios de todos os pacientes agendados do dia seguinte, participar diariamente do bate mapa no per\u00edodo da manh\u00e3, organizar, conferir e controlar os materiais de escrit\u00f3rio semanalmente de toda unidade de interna\u00e7\u00e3o e gerenciamento de leitos; atuar no gerenciamento de leitos, analisando as demandas de interna\u00e7\u00f5es, conferir todas as guias de interna\u00e7\u00f5es eletivas e de emerg\u00eancia geradas no dia, realizando as corre\u00e7\u00f5es necess\u00e1rias para o envio ao faturamento e reportar ao supervisor qualquer intercorr\u00eancia que necessite de sua interven\u00e7\u00e3o para resolu\u00e7\u00e3o do problema.<br \/>\nObrigat\u00f3rio ensino m\u00e9dio completo.<br \/>\nViv\u00eancias em Recep\u00e7\u00e3o\/Atendimento Hospitalar e em gest\u00e3o de leitos e interna\u00e7\u00e3o.<br \/>\nDisponibilidade para atuar de segunda a quinta das 07h00 \u00e1s 17h00 e sexta das 07h00 \u00e1s 16h00.<br \/>\n***Vaga tempor\u00e1ria***<\/p>\n<ul>\n<li>Local de trabalho: Rio de Janeiro, RJ<\/li>\n<li>Regime de contrata\u00e7\u00e3o de tipo: Tempor\u00e1rio<\/li>\n<li>Jornada: Per\u00edodo Integral<\/li>\n<li>\u00c1rea e especializa\u00e7\u00e3o profissional: Sa\u00fade &#8211; Outras Especialidades M\u00e9dicas<\/li>\n<li>N\u00edvel hier\u00e1rquico: Assistente<\/li>\n<\/ul>\n<p>VALORIZADO<\/p>\n<p>Tempo de experi\u00eancia: Entre 1 e 3 anos<\/p>\n<p>Escolaridade M\u00ednima: Ensino M\u00e9dio (2\u00ba Grau)<\/p>\n<p>Forma\u00e7\u00e3o desejada:<\/p>\n<ul>\n<li>Ensino M\u00e9dio (2\u00ba Grau)<\/li>\n<\/ul>\n<ul>\n<li>Refei\u00e7\u00e3o no Local<\/li>\n<li>Vale transporte<\/li>\n<\/ul>\n<p>Sal\u00e1rio: 1939,0<\/p>\n","protected":false},"excerpt":{"rendered":"<p>Empresa no seguimento de sa\u00fade contrata Assistente Administrativo para atuar em um de seus hospitais na regi\u00e3o da Barra da Tijuca. O profissional ir\u00e1 receber, orientar e cadastrar interna\u00e7\u00f5es eletivas e de emerg\u00eancia, encaminhar os pacientes eletivos internados at\u00e9 a acomoda\u00e7\u00e3o de acordo com o leito disponibilizado pelo gerenciamento de leitos, confeccionar o mapa cir\u00fargico [&hellip;]<\/p>\n","protected":false},"author":1,"featured_media":0,"comment_status":"open","ping_status":"open","sticky":false,"template":"","format":"standard","meta":{"footnotes":""},"categories":[21],"tags":[],"class_list":["post-1517","post","type-post","status-publish","format-standard","hentry","category-rio-de-janeiro-rj"],"_links":{"self":[{"href":"https:\/\/vagas.portalemprego.com.br\/index.php?rest_route=\/wp\/v2\/posts\/1517","targetHints":{"allow":["GET"]}}],"collection":[{"href":"https:\/\/vagas.portalemprego.com.br\/index.php?rest_route=\/wp\/v2\/posts"}],"about":[{"href":"https:\/\/vagas.portalemprego.com.br\/index.php?rest_route=\/wp\/v2\/types\/post"}],"author":[{"embeddable":true,"href":"https:\/\/vagas.portalemprego.com.br\/index.php?rest_route=\/wp\/v2\/users\/1"}],"replies":[{"embeddable":true,"href":"https:\/\/vagas.portalemprego.com.br\/index.php?rest_route=%2Fwp%2Fv2%2Fcomments&post=1517"}],"version-history":[{"count":0,"href":"https:\/\/vagas.portalemprego.com.br\/index.php?rest_route=\/wp\/v2\/posts\/1517\/revisions"}],"wp:attachment":[{"href":"https:\/\/vagas.portalemprego.com.br\/index.php?rest_route=%2Fwp%2Fv2%2Fmedia&parent=1517"}],"wp:term":[{"taxonomy":"category","embeddable":true,"href":"https:\/\/vagas.portalemprego.com.br\/index.php?rest_route=%2Fwp%2Fv2%2Fcategories&post=1517"},{"taxonomy":"post_tag","embeddable":true,"href":"https:\/\/vagas.portalemprego.com.br\/index.php?rest_route=%2Fwp%2Fv2%2Ftags&post=1517"}],"curies":[{"name":"wp","href":"https:\/\/api.w.org\/{rel}","templated":true}]}}