{"id":1523,"date":"2026-04-29T06:05:05","date_gmt":"2026-04-29T09:05:05","guid":{"rendered":"https:\/\/vagas.portalemprego.com.br\/?p=1523"},"modified":"2026-04-29T06:05:05","modified_gmt":"2026-04-29T09:05:05","slug":"coordenador-de-nutricao-saude-sao-goncalo","status":"publish","type":"post","link":"https:\/\/vagas.portalemprego.com.br\/?p=1523","title":{"rendered":"Coordenador de Nutri\u00e7\u00e3o &#8211; Sa\u00fade &#8211; S\u00e3o Gon\u00e7alo"},"content":{"rendered":"<p>Estamos em busca de um perfil din\u00e2mico e estrat\u00e9gico para liderar nossa opera\u00e7\u00e3o de nutri\u00e7\u00e3o! Se voc\u00ea \u00e9 apaixonado por qualidade, tem olhar apurado para custos e sabe engajar equipes, essa vaga \u00e9 para voc\u00ea.<br \/>\nPrincipais Desafios:<br \/>\nImplanta\u00e7\u00e3o de Processos: Estruturar e padronizar os fluxos de trabalho em todas as unidades de supermercado.<br \/>\nGest\u00e3o de Equipe: Direcionar e supervisionar o cronograma das nutricionistas volantes, garantindo suporte eficiente \u00e0s lojas.<br \/>\nEquil\u00edbrio Econ\u00f4mico: Monitorar o bin\u00f4mio Custo x Qualidade, garantindo refei\u00e7\u00f5es excelentes dentro do or\u00e7amento planejado.<br \/>\nPadroniza\u00e7\u00e3o e Criatividade: Elevar o n\u00edvel das prepara\u00e7\u00f5es com toque criativo, sem abrir m\u00e3o do rigor t\u00e9cnico.<br \/>\nAuditoria e Qualidade: Garantir os mais altos padr\u00f5es de limpeza, organiza\u00e7\u00e3o e seguran\u00e7a alimentar (Boas Pr\u00e1ticas).<br \/>\nO que buscamos:<br \/>\nForma\u00e7\u00e3o: Ensino Superior em Nutri\u00e7\u00e3o (CRN Ativo).<br \/>\nExperi\u00eancia: Viv\u00eancia pr\u00e9via em coordena\u00e7\u00e3o de Unidades de Alimenta\u00e7\u00e3o e Nutri\u00e7\u00e3o (UAN), preferencialmente no segmento de varejo ou grandes redes.<br \/>\nHabilidades: Lideran\u00e7a resiliente, organiza\u00e7\u00e3o extrema, vis\u00e3o anal\u00edtica de indicadores e criatividade para card\u00e1pios e apresenta\u00e7\u00f5es.<br \/>\nMobilidade: Disponibilidade para deslocamento entre as unidades.<br \/>\nDiferenciais:<br \/>\nExperi\u00eancia em implanta\u00e7\u00e3o de novos processos ou inaugura\u00e7\u00e3o de lojas.<br \/>\nFoco em redu\u00e7\u00e3o de desperd\u00edcio e otimiza\u00e7\u00e3o de compras.<\/p>\n<ul>\n<li>Local de trabalho: S\u00e3o Gon\u00e7alo, RJ<\/li>\n<li>Regime de contrata\u00e7\u00e3o de tipo: Efetivo \u2013 CLT<\/li>\n<li>Jornada: Per\u00edodo Integral<\/li>\n<li>\u00c1rea e especializa\u00e7\u00e3o profissional: Sa\u00fade &#8211; Nutri\u00e7\u00e3o<\/li>\n<li>N\u00edvel hier\u00e1rquico: Coordenador<\/li>\n<\/ul>\n<p>HABILIDADES<\/p>\n<ul>\n<li>Gerenciamento de equipe<\/li>\n<li>Capacidade de coordena\u00e7\u00e3o<\/li>\n<li>Dinamismo<\/li>\n<\/ul>\n<p>Escolaridade M\u00ednima: P\u00f3s-gradua\u00e7\u00e3o &#8211; Especializa\u00e7\u00e3o\/MBA<\/p>\n<p>Forma\u00e7\u00e3o desejada:<\/p>\n<ul>\n<li>Nutri\u00e7\u00e3o, Ensino Superior<\/li>\n<li>Gest\u00e3o de qualidade, Ensino Superior<\/li>\n<\/ul>\n<p>Habilita\u00e7\u00e3o para dirigir: B<\/p>\n<p>Ve\u00edculo pr\u00f3prio<\/p>\n<p>Disponibilidade para viajar<\/p>\n","protected":false},"excerpt":{"rendered":"<p>Estamos em busca de um perfil din\u00e2mico e estrat\u00e9gico para liderar nossa opera\u00e7\u00e3o de nutri\u00e7\u00e3o! Se voc\u00ea \u00e9 apaixonado por qualidade, tem olhar apurado para custos e sabe engajar equipes, essa vaga \u00e9 para voc\u00ea. Principais Desafios: Implanta\u00e7\u00e3o de Processos: Estruturar e padronizar os fluxos de trabalho em todas as unidades de supermercado. Gest\u00e3o de [&hellip;]<\/p>\n","protected":false},"author":1,"featured_media":0,"comment_status":"open","ping_status":"open","sticky":false,"template":"","format":"standard","meta":{"footnotes":""},"categories":[21],"tags":[],"class_list":["post-1523","post","type-post","status-publish","format-standard","hentry","category-rio-de-janeiro-rj"],"_links":{"self":[{"href":"https:\/\/vagas.portalemprego.com.br\/index.php?rest_route=\/wp\/v2\/posts\/1523","targetHints":{"allow":["GET"]}}],"collection":[{"href":"https:\/\/vagas.portalemprego.com.br\/index.php?rest_route=\/wp\/v2\/posts"}],"about":[{"href":"https:\/\/vagas.portalemprego.com.br\/index.php?rest_route=\/wp\/v2\/types\/post"}],"author":[{"embeddable":true,"href":"https:\/\/vagas.portalemprego.com.br\/index.php?rest_route=\/wp\/v2\/users\/1"}],"replies":[{"embeddable":true,"href":"https:\/\/vagas.portalemprego.com.br\/index.php?rest_route=%2Fwp%2Fv2%2Fcomments&post=1523"}],"version-history":[{"count":0,"href":"https:\/\/vagas.portalemprego.com.br\/index.php?rest_route=\/wp\/v2\/posts\/1523\/revisions"}],"wp:attachment":[{"href":"https:\/\/vagas.portalemprego.com.br\/index.php?rest_route=%2Fwp%2Fv2%2Fmedia&parent=1523"}],"wp:term":[{"taxonomy":"category","embeddable":true,"href":"https:\/\/vagas.portalemprego.com.br\/index.php?rest_route=%2Fwp%2Fv2%2Fcategories&post=1523"},{"taxonomy":"post_tag","embeddable":true,"href":"https:\/\/vagas.portalemprego.com.br\/index.php?rest_route=%2Fwp%2Fv2%2Ftags&post=1523"}],"curies":[{"name":"wp","href":"https:\/\/api.w.org\/{rel}","templated":true}]}}