{"id":1528,"date":"2026-04-29T06:03:03","date_gmt":"2026-04-29T09:03:03","guid":{"rendered":"https:\/\/vagas.portalemprego.com.br\/?p=1528"},"modified":"2026-04-29T06:03:03","modified_gmt":"2026-04-29T09:03:03","slug":"jovem-aprendiz-hotelaria-turismo-rio-de-janeiro","status":"publish","type":"post","link":"https:\/\/vagas.portalemprego.com.br\/?p=1528","title":{"rendered":"JOVEM APRENDIZ &#8211; Hotelaria, Turismo &#8211; Rio de Janeiro"},"content":{"rendered":"<p>A\u00a0oportunidade\u00a0visa\u00a0proporcionar\u00a0um\u00a0ambiente\u00a0de\u00a0aprendizado\u00a0e\u00a0crescimento\u00a0para\u00a0jovens\u00a0interessados\u00a0em\u00a0iniciar\u00a0sua\u00a0carreira\u00a0profissional.<br \/>\nEstrutura do Programa:<br \/>\nEscala 5&#215;2 (um dia da semana no curso profissionalizante e 4 dias na empresa);<br \/>\nOportunidades para atuar na Zona Sul, Barra da Tijuca ou Centro do Rio (de acordo com a disponibilidade do jovem e necessidade do setor);<br \/>\nFun\u00e7\u00f5es administrativas e operacionais.<br \/>\nRequisitos:<br \/>\nEnsino\u00a0M\u00e9dio\u00a0em\u00a0curso\u00a0ou\u00a0conclu\u00eddo;<br \/>\nDisponibilidade\u00a0para\u00a0trabalhar\u00a0em\u00a0regime\u00a0presencial;<br \/>\nCapacidade\u00a0de\u00a0aprender\u00a0e\u00a0se\u00a0adaptar\u00a0rapidamente;<br \/>\nDisponibilidade\u00a0de\u00a0hor\u00e1rio.<br \/>\nBenef\u00edcios:<br \/>\nVT + VA + Refei\u00e7\u00e3o no local + Plano de Sa\u00fade e Plano Odontol\u00f3gico s\/ desconto de mensalidade (extensivo \u00e0 filhos at\u00e9 18 anos) + Oportunidade de desenvolvimento profissional.<\/p>\n<ul>\n<li>N\u00famero de vagas: 20<\/li>\n<li>Local de trabalho: Rio de Janeiro, RJ<\/li>\n<li>Regime de contrata\u00e7\u00e3o de tipo: Jovem Aprendiz<\/li>\n<li>Jornada: Parcial manh\u00e3s<\/li>\n<li>\u00c1rea e especializa\u00e7\u00e3o profissional: Hotelaria, Turismo &#8211; Hotelaria<\/li>\n<li>N\u00edvel hier\u00e1rquico: Operacional<\/li>\n<\/ul>\n<p>VALORIZADO<\/p>\n<p>Tempo de experi\u00eancia: Sem experi\u00eancia<\/p>\n<p>Escolaridade M\u00ednima: Ensino M\u00e9dio (2\u00ba Grau)<\/p>\n<ul>\n<li>Benef\u00edcios:  VT, Convenio M\u00e9dico e Odontol\u00f3gico,  Refei\u00e7\u00e3o no Local,  Vale Alimenta\u00e7\u00e3o<\/li>\n<\/ul>\n<p>Sal\u00e1rio: 828,0<\/p>\n","protected":false},"excerpt":{"rendered":"<p>A\u00a0oportunidade\u00a0visa\u00a0proporcionar\u00a0um\u00a0ambiente\u00a0de\u00a0aprendizado\u00a0e\u00a0crescimento\u00a0para\u00a0jovens\u00a0interessados\u00a0em\u00a0iniciar\u00a0sua\u00a0carreira\u00a0profissional. Estrutura do Programa: Escala 5&#215;2 (um dia da semana no curso profissionalizante e 4 dias na empresa); Oportunidades para atuar na Zona Sul, Barra da Tijuca ou Centro do Rio (de acordo com a disponibilidade do jovem e necessidade do setor); Fun\u00e7\u00f5es administrativas e operacionais. Requisitos: Ensino\u00a0M\u00e9dio\u00a0em\u00a0curso\u00a0ou\u00a0conclu\u00eddo; Disponibilidade\u00a0para\u00a0trabalhar\u00a0em\u00a0regime\u00a0presencial; Capacidade\u00a0de\u00a0aprender\u00a0e\u00a0se\u00a0adaptar\u00a0rapidamente; Disponibilidade\u00a0de\u00a0hor\u00e1rio. Benef\u00edcios: VT + VA [&hellip;]<\/p>\n","protected":false},"author":1,"featured_media":0,"comment_status":"open","ping_status":"open","sticky":false,"template":"","format":"standard","meta":{"footnotes":""},"categories":[21],"tags":[],"class_list":["post-1528","post","type-post","status-publish","format-standard","hentry","category-rio-de-janeiro-rj"],"_links":{"self":[{"href":"https:\/\/vagas.portalemprego.com.br\/index.php?rest_route=\/wp\/v2\/posts\/1528","targetHints":{"allow":["GET"]}}],"collection":[{"href":"https:\/\/vagas.portalemprego.com.br\/index.php?rest_route=\/wp\/v2\/posts"}],"about":[{"href":"https:\/\/vagas.portalemprego.com.br\/index.php?rest_route=\/wp\/v2\/types\/post"}],"author":[{"embeddable":true,"href":"https:\/\/vagas.portalemprego.com.br\/index.php?rest_route=\/wp\/v2\/users\/1"}],"replies":[{"embeddable":true,"href":"https:\/\/vagas.portalemprego.com.br\/index.php?rest_route=%2Fwp%2Fv2%2Fcomments&post=1528"}],"version-history":[{"count":0,"href":"https:\/\/vagas.portalemprego.com.br\/index.php?rest_route=\/wp\/v2\/posts\/1528\/revisions"}],"wp:attachment":[{"href":"https:\/\/vagas.portalemprego.com.br\/index.php?rest_route=%2Fwp%2Fv2%2Fmedia&parent=1528"}],"wp:term":[{"taxonomy":"category","embeddable":true,"href":"https:\/\/vagas.portalemprego.com.br\/index.php?rest_route=%2Fwp%2Fv2%2Fcategories&post=1528"},{"taxonomy":"post_tag","embeddable":true,"href":"https:\/\/vagas.portalemprego.com.br\/index.php?rest_route=%2Fwp%2Fv2%2Ftags&post=1528"}],"curies":[{"name":"wp","href":"https:\/\/api.w.org\/{rel}","templated":true}]}}