{"id":1529,"date":"2026-04-29T06:03:03","date_gmt":"2026-04-29T09:03:03","guid":{"rendered":"https:\/\/vagas.portalemprego.com.br\/?p=1529"},"modified":"2026-04-29T06:03:03","modified_gmt":"2026-04-29T09:03:03","slug":"chefe-de-cozinha-alimentacao-gastronomia-teresopolis","status":"publish","type":"post","link":"https:\/\/vagas.portalemprego.com.br\/?p=1529","title":{"rendered":"Chefe de Cozinha &#8211; Alimenta\u00e7\u00e3o \/ Gastronomia &#8211; Teres\u00f3polis"},"content":{"rendered":"<p>Introdu\u00e7\u00e3o:Estamos em busca de um Chefe de Cozinha  Alto Teres\u00f3polis\/RJ. Esta \u00e9 uma oportunidade para quem deseja liderar e inspirar uma equipe de culin\u00e1ria em um ambiente din\u00e2mico e inovador.<br \/>\nFun\u00e7\u00f5es:<br \/>\nGerenciar o departamento de cozinha<br \/>\nCoordenar as atividades di\u00e1rias da equipe de cozinha<br \/>\nAcompanhar a prepara\u00e7\u00e3o e qualidade dos pratos<br \/>\nDesenvolver e implementar card\u00e1pios<br \/>\nColaborar com a equipe para garantir a efici\u00eancia operacional<\/p>\n<p>Requisitos:<br \/>\nExperi\u00eancia em gest\u00e3o de cozinhas<br \/>\nConhecimento em t\u00e9cnicas culin\u00e1rias e seguran\u00e7a alimentar<br \/>\nCapacidade de liderar e motivar uma equipe<br \/>\nHabilidade para planejar e organizar o fluxo de trabalho<\/p>\n<p>Benef\u00edcios:<br \/>\nOferecemos um ambiente de trabalho colaborativo<br \/>\nVoc\u00ea ter\u00e1 acesso a treinamentos e desenvolvimento profissional<br \/>\nAmbiente de trabalho seguro e agrad\u00e1vel<\/p>\n<p>Esta \u00e9 uma oportunidade para quem busca um cargo de chefia em um ambiente que valoriza o trabalho em equipe e a inova\u00e7\u00e3o culin\u00e1ria. Venha fazer parte de uma equipe dedicada e apaixonada por comida!<\/p>\n<ul>\n<li>Local de trabalho: Teres\u00f3polis, RJ<\/li>\n<li>Regime de contrata\u00e7\u00e3o de tipo: Efetivo \u2013 CLT<\/li>\n<li>Jornada: Per\u00edodo Integral<\/li>\n<li>\u00c1rea e especializa\u00e7\u00e3o profissional: Alimenta\u00e7\u00e3o \/ Gastronomia &#8211; Cozinha<\/li>\n<li>N\u00edvel hier\u00e1rquico: Especialista<\/li>\n<\/ul>\n<p>VALORIZADO<\/p>\n<p>Tempo de experi\u00eancia: Entre 3 e 5 anos<\/p>\n<p>Escolaridade M\u00ednima: Ensino Superior<\/p>\n<ul>\n<li>Refei\u00e7\u00e3o no local<\/li>\n<li>Vale-transporte<\/li>\n<\/ul>\n<p>Sal\u00e1rio: 2500,0<\/p>\n","protected":false},"excerpt":{"rendered":"<p>Introdu\u00e7\u00e3o:Estamos em busca de um Chefe de Cozinha Alto Teres\u00f3polis\/RJ. Esta \u00e9 uma oportunidade para quem deseja liderar e inspirar uma equipe de culin\u00e1ria em um ambiente din\u00e2mico e inovador. Fun\u00e7\u00f5es: Gerenciar o departamento de cozinha Coordenar as atividades di\u00e1rias da equipe de cozinha Acompanhar a prepara\u00e7\u00e3o e qualidade dos pratos Desenvolver e implementar card\u00e1pios [&hellip;]<\/p>\n","protected":false},"author":1,"featured_media":0,"comment_status":"open","ping_status":"open","sticky":false,"template":"","format":"standard","meta":{"footnotes":""},"categories":[21],"tags":[],"class_list":["post-1529","post","type-post","status-publish","format-standard","hentry","category-rio-de-janeiro-rj"],"_links":{"self":[{"href":"https:\/\/vagas.portalemprego.com.br\/index.php?rest_route=\/wp\/v2\/posts\/1529","targetHints":{"allow":["GET"]}}],"collection":[{"href":"https:\/\/vagas.portalemprego.com.br\/index.php?rest_route=\/wp\/v2\/posts"}],"about":[{"href":"https:\/\/vagas.portalemprego.com.br\/index.php?rest_route=\/wp\/v2\/types\/post"}],"author":[{"embeddable":true,"href":"https:\/\/vagas.portalemprego.com.br\/index.php?rest_route=\/wp\/v2\/users\/1"}],"replies":[{"embeddable":true,"href":"https:\/\/vagas.portalemprego.com.br\/index.php?rest_route=%2Fwp%2Fv2%2Fcomments&post=1529"}],"version-history":[{"count":0,"href":"https:\/\/vagas.portalemprego.com.br\/index.php?rest_route=\/wp\/v2\/posts\/1529\/revisions"}],"wp:attachment":[{"href":"https:\/\/vagas.portalemprego.com.br\/index.php?rest_route=%2Fwp%2Fv2%2Fmedia&parent=1529"}],"wp:term":[{"taxonomy":"category","embeddable":true,"href":"https:\/\/vagas.portalemprego.com.br\/index.php?rest_route=%2Fwp%2Fv2%2Fcategories&post=1529"},{"taxonomy":"post_tag","embeddable":true,"href":"https:\/\/vagas.portalemprego.com.br\/index.php?rest_route=%2Fwp%2Fv2%2Ftags&post=1529"}],"curies":[{"name":"wp","href":"https:\/\/api.w.org\/{rel}","templated":true}]}}