{"id":1534,"date":"2026-04-29T06:04:04","date_gmt":"2026-04-29T09:04:04","guid":{"rendered":"https:\/\/vagas.portalemprego.com.br\/?p=1534"},"modified":"2026-04-29T06:04:04","modified_gmt":"2026-04-29T09:04:04","slug":"assistente-financeiro-contabil-financas-economia-rio-de-janeiro","status":"publish","type":"post","link":"https:\/\/vagas.portalemprego.com.br\/?p=1534","title":{"rendered":"Assistente Financeiro &#8211; Cont\u00e1bil, Finan\u00e7as, Economia &#8211; Rio de Janeiro"},"content":{"rendered":"<p>?? VAGA: ASSISTENTE FINANCEIRO \u2013 RJ (Vicente de Carvalho)<br \/>\nSe voc\u00ea \u00e9 comunicativo(a), din\u00e2mico(a) e tem perfil pr\u00e1tico, essa oportunidade pode ser para voc\u00ea! ??<br \/>\n?? Atividades:<br \/>\n\u2022 Apoio em contas a pagar e a receber<br \/>\n\u2022 Controle e confer\u00eancia de relat\u00f3rios de despesas<br \/>\n\u2022 Aux\u00edlio nas concilia\u00e7\u00f5es banc\u00e1rias<br \/>\n\u2022 Baixas e controle do contas a receber<br \/>\n\u2022 Emiss\u00e3o e confer\u00eancia de notas fiscais<br \/>\n\u2022 Emiss\u00e3o de boletos em sistema<br \/>\n\u2022 Controle de e-mails e inadimpl\u00eancia<br \/>\n\u2022 Suporte no fechamento mensal<br \/>\n?? Requisitos:<br \/>\n\u2022 Cursando a partir do 2\u00ba semestre em: Contabilidade, Economia ou Administra\u00e7\u00e3o<br \/>\n\u2022 Conhecimentos b\u00e1sicos em contabilidade<br \/>\n\u2022 Pacote Office (Excel, Word e e-mail)<br \/>\n\u2022 Boa comunica\u00e7\u00e3o e relacionamento interpessoal<br \/>\n\u2022 Facilidade para trabalho em equipe<br \/>\n?? Benef\u00edcios:<br \/>\n\u2022 Vale Transporte<br \/>\n\u2022 Vale Refei\u00e7\u00e3o (R$ 30,00\/dia)<br \/>\n\u2022 Plano de sa\u00fade (sem desconto para o titular \/ coparticipa\u00e7\u00e3o para dependentes \u2013 SulAm\u00e9rica)<br \/>\n\u2022 Plano odontol\u00f3gico<br \/>\n\u2022 Day Off ??<br \/>\n? Hor\u00e1rio:<br \/>\nSegunda a sexta, das 08h \u00e0s 17h<br \/>\n?? Local de trabalho: Vicente de Carvalho \u2013 RJ<\/p>\n<ul>\n<li>Local de trabalho: Rio de Janeiro, RJ<\/li>\n<li>Regime de contrata\u00e7\u00e3o de tipo: Efetivo \u2013 CLT<\/li>\n<li>Jornada: Per\u00edodo Integral<\/li>\n<li>\u00c1rea e especializa\u00e7\u00e3o profissional: Cont\u00e1bil, Finan\u00e7as, Economia &#8211; Finan\u00e7as<\/li>\n<li>N\u00edvel hier\u00e1rquico: Assistente<\/li>\n<\/ul>\n<p>Escolaridade M\u00ednima: Ensino Superior<\/p>\n<p>Forma\u00e7\u00e3o desejada:<\/p>\n<ul>\n<li>Administra\u00e7\u00e3o de empresas, Ensino Superior<\/li>\n<li>Ci\u00eancias cont\u00e1beis, Ensino Superior<\/li>\n<li>Economia, Ensino Superior<\/li>\n<\/ul>\n<ul>\n<li>Vale-transporte<\/li>\n<li>day off<\/li>\n<li>Vale-refei\u00e7\u00e3o<\/li>\n<li>plano odontol\u00f3gico<\/li>\n<li>plano de sa\u00fade<\/li>\n<\/ul>\n<p>Sal\u00e1rio: 2535,69<\/p>\n","protected":false},"excerpt":{"rendered":"<p>?? VAGA: ASSISTENTE FINANCEIRO \u2013 RJ (Vicente de Carvalho) Se voc\u00ea \u00e9 comunicativo(a), din\u00e2mico(a) e tem perfil pr\u00e1tico, essa oportunidade pode ser para voc\u00ea! ?? ?? Atividades: \u2022 Apoio em contas a pagar e a receber \u2022 Controle e confer\u00eancia de relat\u00f3rios de despesas \u2022 Aux\u00edlio nas concilia\u00e7\u00f5es banc\u00e1rias \u2022 Baixas e controle do contas [&hellip;]<\/p>\n","protected":false},"author":1,"featured_media":0,"comment_status":"open","ping_status":"open","sticky":false,"template":"","format":"standard","meta":{"footnotes":""},"categories":[21],"tags":[],"class_list":["post-1534","post","type-post","status-publish","format-standard","hentry","category-rio-de-janeiro-rj"],"_links":{"self":[{"href":"https:\/\/vagas.portalemprego.com.br\/index.php?rest_route=\/wp\/v2\/posts\/1534","targetHints":{"allow":["GET"]}}],"collection":[{"href":"https:\/\/vagas.portalemprego.com.br\/index.php?rest_route=\/wp\/v2\/posts"}],"about":[{"href":"https:\/\/vagas.portalemprego.com.br\/index.php?rest_route=\/wp\/v2\/types\/post"}],"author":[{"embeddable":true,"href":"https:\/\/vagas.portalemprego.com.br\/index.php?rest_route=\/wp\/v2\/users\/1"}],"replies":[{"embeddable":true,"href":"https:\/\/vagas.portalemprego.com.br\/index.php?rest_route=%2Fwp%2Fv2%2Fcomments&post=1534"}],"version-history":[{"count":0,"href":"https:\/\/vagas.portalemprego.com.br\/index.php?rest_route=\/wp\/v2\/posts\/1534\/revisions"}],"wp:attachment":[{"href":"https:\/\/vagas.portalemprego.com.br\/index.php?rest_route=%2Fwp%2Fv2%2Fmedia&parent=1534"}],"wp:term":[{"taxonomy":"category","embeddable":true,"href":"https:\/\/vagas.portalemprego.com.br\/index.php?rest_route=%2Fwp%2Fv2%2Fcategories&post=1534"},{"taxonomy":"post_tag","embeddable":true,"href":"https:\/\/vagas.portalemprego.com.br\/index.php?rest_route=%2Fwp%2Fv2%2Ftags&post=1534"}],"curies":[{"name":"wp","href":"https:\/\/api.w.org\/{rel}","templated":true}]}}