{"id":1536,"date":"2026-04-29T06:04:04","date_gmt":"2026-04-29T09:04:04","guid":{"rendered":"https:\/\/vagas.portalemprego.com.br\/?p=1536"},"modified":"2026-04-29T06:04:04","modified_gmt":"2026-04-29T09:04:04","slug":"gerente-contabil-sr-contabil-financas-economia-rio-de-janeiro","status":"publish","type":"post","link":"https:\/\/vagas.portalemprego.com.br\/?p=1536","title":{"rendered":"Gerente Cont\u00e1bil Sr &#8211; Cont\u00e1bil, Finan\u00e7as, Economia &#8211; Rio de Janeiro"},"content":{"rendered":"<p>Fa\u00e7a parte de uma das principais empresas da \u00e1rea cont\u00e1bil e tenha uma carreira de sucesso! Nos seus mais de 40 anos de vida, o Grupo Planus tem sido o balc\u00e3o unificado para servi\u00e7os de terceiriza\u00e7\u00e3o cont\u00e1bil no Brasil, com destaque no aux\u00edlio a empresas internacionais fazendo neg\u00f3cios no pa\u00eds. Se voc\u00ea \u00e9 motivado e possui os requisitos para o cargo, esta vaga \u00e9 para voc\u00ea!<br \/>\nDescri\u00e7\u00e3o:<br \/>\nToda a rotina cont\u00e1bil;<br \/>\nConfec\u00e7\u00e3o de Balancete Mensal;<br \/>\nConfec\u00e7\u00e3o Relat\u00f3rios Financeiros mensais;<br \/>\nC\u00e1lculo IRPJ e CSLL;<br \/>\nConfec\u00e7\u00e3o Mapa de Estimativa dos impostos sobre o lucro;<br \/>\nEscritura\u00e7\u00e3o livro Lalur e\/ou e-Lalur;<br \/>\nGera\u00e7\u00e3o ECD e ECF;<br \/>\nConfec\u00e7\u00e3o de relat\u00f3rios cont\u00e1beis para envio ao cliente;<br \/>\nAcompanhar as tarefas da equipe;<br \/>\nRealizar a avalia\u00e7\u00e3o de desempenho da equipe;<br \/>\nAtendimento t\u00e9cnico a Auditorias Internas e Externas;<br \/>\nAtendimento \u00e0 Fiscaliza\u00e7\u00e3o;<br \/>\nAtendimento aos clientes internos e externos incluindo consultoria e participa\u00e7\u00e3o em reuni\u00f5es;<br \/>\nPromover a integra\u00e7\u00e3o intrasetorial e intersetorial.<\/p>\n<p>Requisitos:<br \/>\n&#8211; Ensino Superior Completo em Ci\u00eancias Cont\u00e1beis &#8211; CRC Ativo;<br \/>\n&#8211; Experi\u00eancia na \u00e1rea;<br \/>\n&#8211; Conhecimento de Pacote Office &#8211; Word, Outlook e Excel;<br \/>\n&#8211; Ingl\u00eas ou Espanhol fluente, ser\u00e1 um diferencial.<\/p>\n<p>Compartilhe essa oportunidade com seus colegas que tamb\u00e9m buscam por uma carreira de sucesso. Juntos, vamos construir uma equipe imbat\u00edvel!<\/p>\n<ul>\n<li>Local de trabalho: Rio de Janeiro, RJ<\/li>\n<li>Regime de contrata\u00e7\u00e3o de tipo: Efetivo \u2013 CLT<\/li>\n<li>Jornada: Per\u00edodo Integral<\/li>\n<li>\u00c1rea e especializa\u00e7\u00e3o profissional: Cont\u00e1bil, Finan\u00e7as, Economia &#8211; Contabilidade<\/li>\n<li>N\u00edvel hier\u00e1rquico: Coordenador<\/li>\n<\/ul>\n<p>Escolaridade M\u00ednima: Ensino Superior<\/p>\n<p>Forma\u00e7\u00e3o desejada:<\/p>\n<ul>\n<li>Ci\u00eancias cont\u00e1beis, Ensino Superior<\/li>\n<\/ul>\n<ul>\n<li>Vale Transporte<\/li>\n<li>Plano de Sa\u00fade<\/li>\n<li>Plano Odontol\u00f3gico<\/li>\n<li>Vale Refei\u00e7\u00e3o ou Alimenta\u00e7\u00e3o &#8211; R$ 40,00 p\/ dia<\/li>\n<li>Reembolso a Academia<\/li>\n<li>Plataforma de curso &#8211; Cefis<\/li>\n<li>Conv\u00eanio com Faculdades e Escolas de Idiomas<\/li>\n<li>Reembolso CRC<\/li>\n<li>Conv\u00eanio Sesc<\/li>\n<\/ul>\n<p>Sal\u00e1rio: 8000,0<\/p>\n","protected":false},"excerpt":{"rendered":"<p>Fa\u00e7a parte de uma das principais empresas da \u00e1rea cont\u00e1bil e tenha uma carreira de sucesso! Nos seus mais de 40 anos de vida, o Grupo Planus tem sido o balc\u00e3o unificado para servi\u00e7os de terceiriza\u00e7\u00e3o cont\u00e1bil no Brasil, com destaque no aux\u00edlio a empresas internacionais fazendo neg\u00f3cios no pa\u00eds. Se voc\u00ea \u00e9 motivado e [&hellip;]<\/p>\n","protected":false},"author":1,"featured_media":0,"comment_status":"open","ping_status":"open","sticky":false,"template":"","format":"standard","meta":{"footnotes":""},"categories":[21],"tags":[],"class_list":["post-1536","post","type-post","status-publish","format-standard","hentry","category-rio-de-janeiro-rj"],"_links":{"self":[{"href":"https:\/\/vagas.portalemprego.com.br\/index.php?rest_route=\/wp\/v2\/posts\/1536","targetHints":{"allow":["GET"]}}],"collection":[{"href":"https:\/\/vagas.portalemprego.com.br\/index.php?rest_route=\/wp\/v2\/posts"}],"about":[{"href":"https:\/\/vagas.portalemprego.com.br\/index.php?rest_route=\/wp\/v2\/types\/post"}],"author":[{"embeddable":true,"href":"https:\/\/vagas.portalemprego.com.br\/index.php?rest_route=\/wp\/v2\/users\/1"}],"replies":[{"embeddable":true,"href":"https:\/\/vagas.portalemprego.com.br\/index.php?rest_route=%2Fwp%2Fv2%2Fcomments&post=1536"}],"version-history":[{"count":0,"href":"https:\/\/vagas.portalemprego.com.br\/index.php?rest_route=\/wp\/v2\/posts\/1536\/revisions"}],"wp:attachment":[{"href":"https:\/\/vagas.portalemprego.com.br\/index.php?rest_route=%2Fwp%2Fv2%2Fmedia&parent=1536"}],"wp:term":[{"taxonomy":"category","embeddable":true,"href":"https:\/\/vagas.portalemprego.com.br\/index.php?rest_route=%2Fwp%2Fv2%2Fcategories&post=1536"},{"taxonomy":"post_tag","embeddable":true,"href":"https:\/\/vagas.portalemprego.com.br\/index.php?rest_route=%2Fwp%2Fv2%2Ftags&post=1536"}],"curies":[{"name":"wp","href":"https:\/\/api.w.org\/{rel}","templated":true}]}}