{"id":1537,"date":"2026-04-29T06:04:04","date_gmt":"2026-04-29T09:04:04","guid":{"rendered":"https:\/\/vagas.portalemprego.com.br\/?p=1537"},"modified":"2026-04-29T06:04:04","modified_gmt":"2026-04-29T09:04:04","slug":"executivo-de-vendas-comercial-vendas-rio-de-janeiro","status":"publish","type":"post","link":"https:\/\/vagas.portalemprego.com.br\/?p=1537","title":{"rendered":"Executivo de Vendas &#8211; Comercial, Vendas &#8211; Rio de Janeiro"},"content":{"rendered":"<p>Respons\u00e1vel pelo atendimento de todo processo de venda, desde a pr\u00e9 at\u00e9 a p\u00f3s-venda.<br \/>\nRespons\u00e1vel por pesquisar potenciais novos clientes atrav\u00e9s da internet e por indica\u00e7\u00e3o de clientes; prospectar novos clientes e desenvolver novos neg\u00f3cios via fone, reuni\u00f5es por Meet; apresentar a empresa e seus servi\u00e7os; negocia\u00e7\u00e3o; cadastrar novos clientes no sistema; envio de propostas, fechamentos de propostas, p\u00f3s-vendas, participa\u00e7\u00e3o de feiras e eventos, follow-up das cota\u00e7\u00f5es, ser a porta voz da empresa para o cliente e a porta-voz do cliente para a empresa.<br \/>\nRespons\u00e1vel por fazer as primeiras cota\u00e7\u00f5es de fretes e ap\u00f3s passar cliente para a equipe de assistentes comerciais dar andamento nos pr\u00f3ximos atendimentos;<br \/>\nRespons\u00e1vel por emitir coleta de cota\u00e7\u00f5es aprovadas, contatando com as bases para acionar os ve\u00edculos.<br \/>\nRealizar a manuten\u00e7\u00e3o e desenvolvimento dos clientes da carteira; criar relacionamento com o cliente para fideliz\u00e1-lo; identificar sua necessidade de transporte, elaborar e fechar novos fretes.<\/p>\n<ul>\n<li>Local de trabalho: Rio de Janeiro, RJ<\/li>\n<li>Regime de contrata\u00e7\u00e3o de tipo: Efetivo \u2013 CLT<\/li>\n<li>Jornada: Per\u00edodo Integral<\/li>\n<li>\u00c1rea e especializa\u00e7\u00e3o profissional: Comercial, Vendas &#8211; Venda Interna<\/li>\n<li>N\u00edvel hier\u00e1rquico: Especialista<\/li>\n<\/ul>\n<p>Escolaridade M\u00ednima: Ensino M\u00e9dio (2\u00ba Grau)<\/p>\n<ul>\n<li>Assist\u00eancia odontol\u00f3gica<\/li>\n<li>Programa de Apoio Psicol\u00f3gico<\/li>\n<li>Vale-alimenta\u00e7\u00e3o<\/li>\n<li>Participa\u00e7\u00e3o nos lucros<\/li>\n<li>premia\u00e7\u00f5es<\/li>\n<li>Assist\u00eancia m\u00e9dica<\/li>\n<li>Comiss\u00f5es<\/li>\n<li>Seguro de Vida<\/li>\n<li>Vale-transporte<\/li>\n<li>Gympass<\/li>\n<\/ul>\n","protected":false},"excerpt":{"rendered":"<p>Respons\u00e1vel pelo atendimento de todo processo de venda, desde a pr\u00e9 at\u00e9 a p\u00f3s-venda. Respons\u00e1vel por pesquisar potenciais novos clientes atrav\u00e9s da internet e por indica\u00e7\u00e3o de clientes; prospectar novos clientes e desenvolver novos neg\u00f3cios via fone, reuni\u00f5es por Meet; apresentar a empresa e seus servi\u00e7os; negocia\u00e7\u00e3o; cadastrar novos clientes no sistema; envio de propostas, [&hellip;]<\/p>\n","protected":false},"author":1,"featured_media":0,"comment_status":"open","ping_status":"open","sticky":false,"template":"","format":"standard","meta":{"footnotes":""},"categories":[21],"tags":[],"class_list":["post-1537","post","type-post","status-publish","format-standard","hentry","category-rio-de-janeiro-rj"],"_links":{"self":[{"href":"https:\/\/vagas.portalemprego.com.br\/index.php?rest_route=\/wp\/v2\/posts\/1537","targetHints":{"allow":["GET"]}}],"collection":[{"href":"https:\/\/vagas.portalemprego.com.br\/index.php?rest_route=\/wp\/v2\/posts"}],"about":[{"href":"https:\/\/vagas.portalemprego.com.br\/index.php?rest_route=\/wp\/v2\/types\/post"}],"author":[{"embeddable":true,"href":"https:\/\/vagas.portalemprego.com.br\/index.php?rest_route=\/wp\/v2\/users\/1"}],"replies":[{"embeddable":true,"href":"https:\/\/vagas.portalemprego.com.br\/index.php?rest_route=%2Fwp%2Fv2%2Fcomments&post=1537"}],"version-history":[{"count":0,"href":"https:\/\/vagas.portalemprego.com.br\/index.php?rest_route=\/wp\/v2\/posts\/1537\/revisions"}],"wp:attachment":[{"href":"https:\/\/vagas.portalemprego.com.br\/index.php?rest_route=%2Fwp%2Fv2%2Fmedia&parent=1537"}],"wp:term":[{"taxonomy":"category","embeddable":true,"href":"https:\/\/vagas.portalemprego.com.br\/index.php?rest_route=%2Fwp%2Fv2%2Fcategories&post=1537"},{"taxonomy":"post_tag","embeddable":true,"href":"https:\/\/vagas.portalemprego.com.br\/index.php?rest_route=%2Fwp%2Fv2%2Ftags&post=1537"}],"curies":[{"name":"wp","href":"https:\/\/api.w.org\/{rel}","templated":true}]}}