{"id":1539,"date":"2026-04-29T06:04:04","date_gmt":"2026-04-29T09:04:04","guid":{"rendered":"https:\/\/vagas.portalemprego.com.br\/?p=1539"},"modified":"2026-04-29T06:04:04","modified_gmt":"2026-04-29T09:04:04","slug":"assistente-de-logistica-logistica-rio-de-janeiro","status":"publish","type":"post","link":"https:\/\/vagas.portalemprego.com.br\/?p=1539","title":{"rendered":"Assistente de Log\u00edstica &#8211; Log\u00edstica &#8211; Rio de Janeiro"},"content":{"rendered":"<p>Hor\u00e1rio de trabalho: 11h \u00e0s 21h &#8211; de segunda a sexta<br \/>\nApoio aos motoristas, ajudantes e prestadores de servi\u00e7o em rota de entrega;<br \/>\nEmiss\u00e3o de CT-e, Romaneio, Manifesto e documenta\u00e7\u00e3o de embarque;<br \/>\nAcompanhamento da confer\u00eancia;<br \/>\nAcompanhamento de coletas, entregas e reentregas;<br \/>\nSuporte a Coordena\u00e7\u00e3o e Supervis\u00e3o;<br \/>\nAcompanhamento e supervis\u00e3o do carregamento dos ve\u00edculos;<br \/>\nRoteiriza\u00e7\u00e3o de entregas<\/p>\n<ul>\n<li>Local de trabalho: Rio de Janeiro, RJ<\/li>\n<li>Regime de contrata\u00e7\u00e3o de tipo: Efetivo \u2013 CLT<\/li>\n<li>Jornada: Noturno<\/li>\n<li>\u00c1rea e especializa\u00e7\u00e3o profissional: Log\u00edstica &#8211; Transporte<\/li>\n<li>N\u00edvel hier\u00e1rquico: Assistente<\/li>\n<\/ul>\n<p>Escolaridade M\u00ednima: Ensino M\u00e9dio (2\u00ba Grau)<\/p>\n<ul>\n<li>Participa\u00e7\u00e3o nos lucros<\/li>\n<li>Vale-alimenta\u00e7\u00e3o<\/li>\n<li>Plano Odontol\u00f3gico<\/li>\n<li>Gympass<\/li>\n<li>Plano de Sa\u00fade<\/li>\n<li>Seguro de Vida<\/li>\n<li>Comiss\u00f5es<\/li>\n<li>Vale-transporte<\/li>\n<\/ul>\n<p>Sal\u00e1rio: 2900,0<\/p>\n","protected":false},"excerpt":{"rendered":"<p>Hor\u00e1rio de trabalho: 11h \u00e0s 21h &#8211; de segunda a sexta Apoio aos motoristas, ajudantes e prestadores de servi\u00e7o em rota de entrega; Emiss\u00e3o de CT-e, Romaneio, Manifesto e documenta\u00e7\u00e3o de embarque; Acompanhamento da confer\u00eancia; Acompanhamento de coletas, entregas e reentregas; Suporte a Coordena\u00e7\u00e3o e Supervis\u00e3o; Acompanhamento e supervis\u00e3o do carregamento dos ve\u00edculos; Roteiriza\u00e7\u00e3o de [&hellip;]<\/p>\n","protected":false},"author":1,"featured_media":0,"comment_status":"open","ping_status":"open","sticky":false,"template":"","format":"standard","meta":{"footnotes":""},"categories":[21],"tags":[],"class_list":["post-1539","post","type-post","status-publish","format-standard","hentry","category-rio-de-janeiro-rj"],"_links":{"self":[{"href":"https:\/\/vagas.portalemprego.com.br\/index.php?rest_route=\/wp\/v2\/posts\/1539","targetHints":{"allow":["GET"]}}],"collection":[{"href":"https:\/\/vagas.portalemprego.com.br\/index.php?rest_route=\/wp\/v2\/posts"}],"about":[{"href":"https:\/\/vagas.portalemprego.com.br\/index.php?rest_route=\/wp\/v2\/types\/post"}],"author":[{"embeddable":true,"href":"https:\/\/vagas.portalemprego.com.br\/index.php?rest_route=\/wp\/v2\/users\/1"}],"replies":[{"embeddable":true,"href":"https:\/\/vagas.portalemprego.com.br\/index.php?rest_route=%2Fwp%2Fv2%2Fcomments&post=1539"}],"version-history":[{"count":0,"href":"https:\/\/vagas.portalemprego.com.br\/index.php?rest_route=\/wp\/v2\/posts\/1539\/revisions"}],"wp:attachment":[{"href":"https:\/\/vagas.portalemprego.com.br\/index.php?rest_route=%2Fwp%2Fv2%2Fmedia&parent=1539"}],"wp:term":[{"taxonomy":"category","embeddable":true,"href":"https:\/\/vagas.portalemprego.com.br\/index.php?rest_route=%2Fwp%2Fv2%2Fcategories&post=1539"},{"taxonomy":"post_tag","embeddable":true,"href":"https:\/\/vagas.portalemprego.com.br\/index.php?rest_route=%2Fwp%2Fv2%2Ftags&post=1539"}],"curies":[{"name":"wp","href":"https:\/\/api.w.org\/{rel}","templated":true}]}}