{"id":1540,"date":"2026-04-29T06:04:04","date_gmt":"2026-04-29T09:04:04","guid":{"rendered":"https:\/\/vagas.portalemprego.com.br\/?p=1540"},"modified":"2026-04-29T06:04:04","modified_gmt":"2026-04-29T09:04:04","slug":"tecnico-de-enfermagem-do-trabalho-saude-duque-de-caxias","status":"publish","type":"post","link":"https:\/\/vagas.portalemprego.com.br\/?p=1540","title":{"rendered":"T\u00e9cnico de Enfermagem do Trabalho &#8211; Sa\u00fade &#8211; Duque de Caxias"},"content":{"rendered":"<p>A SEEL ENGENHARIA est\u00e1 em busca de um(a) T\u00e9cnico(a) de Enfermagem do Trabalho para atuar no suporte \u00e0s atividades de sa\u00fade ocupacional, contribuindo para a promo\u00e7\u00e3o da sa\u00fade, preven\u00e7\u00e3o de riscos e atendimento aos colaboradores, conforme as normas vigentes.<br \/>\nResponsabilidades<br \/>\nRealizar atendimentos de primeiros socorros em situa\u00e7\u00f5es de urg\u00eancia no ambiente de trabalho.<br \/>\nDar suporte \u00e0s a\u00e7\u00f5es relacionadas ao PCMSO.<br \/>\nControlar e acompanhar os exames ocupacionais, incluindo agendamentos e convoca\u00e7\u00f5es dos colaboradores.<br \/>\nDesenvolver e apoiar campanhas educativas voltadas \u00e0 sa\u00fade e seguran\u00e7a, incluindo orienta\u00e7\u00f5es sobre uso de EPIs.<br \/>\nOrganizar e manter atualizados os registros e prontu\u00e1rios m\u00e9dicos, assegurando a confidencialidade das informa\u00e7\u00f5es.<br \/>\nApoiar as demandas administrativas e operacionais da \u00e1rea de Medicina do Trabalho.<br \/>\nRequisitos<br \/>\nForma\u00e7\u00e3o t\u00e9cnica em Enfermagem com especializa\u00e7\u00e3o em Enfermagem do Trabalho.<br \/>\nRegistro ativo no COREN.<br \/>\nExperi\u00eancia anterior em ambientes como obras, ind\u00fastrias ou opera\u00e7\u00f5es de risco.<br \/>\nConhecimento das normas NR-07 e NR-18.<br \/>\nConhecimento b\u00e1sico em pacote Office.<br \/>\nViv\u00eancia com triagem e coleta de exames laboratoriais.<br \/>\nDesej\u00e1vel<br \/>\nExperi\u00eancia no setor de constru\u00e7\u00e3o civil.<br \/>\nViv\u00eancia com controle de grande volume de exames ocupacionais.<br \/>\nFacilidade de adapta\u00e7\u00e3o ao ambiente operacional.<br \/>\nPerfil comportamental<br \/>\nBoa comunica\u00e7\u00e3o com equipes de campo.<br \/>\nOrganiza\u00e7\u00e3o e responsabilidade com prazos e demandas.<br \/>\nCapacidade de atua\u00e7\u00e3o em situa\u00e7\u00f5es de emerg\u00eancia com equil\u00edbrio.<br \/>\nAdaptabilidade para atua\u00e7\u00e3o em ambientes externos.<br \/>\nInteressou?<br \/>\nSe voc\u00ea quer atuar em uma empresa que valoriza a sa\u00fade e seguran\u00e7a dos colaboradores e busca um ambiente din\u00e2mico, candidate-se e venha fazer parte do nosso time! ??<\/p>\n<ul>\n<li>Local de trabalho: Duque de Caxias, RJ<\/li>\n<li>Regime de contrata\u00e7\u00e3o de tipo: Efetivo \u2013 CLT<\/li>\n<li>Jornada: Per\u00edodo Integral<\/li>\n<li>\u00c1rea e especializa\u00e7\u00e3o profissional: Sa\u00fade &#8211; Enfermagem<\/li>\n<li>N\u00edvel hier\u00e1rquico: Assistente<\/li>\n<\/ul>\n<p>Escolaridade M\u00ednima: Curso T\u00e9cnico<\/p>\n<ul>\n<li>Vale-alimenta\u00e7\u00e3o<\/li>\n<li>Vale-refei\u00e7\u00e3o<\/li>\n<li>Vale-transporte ou Aux\u00edlio Combust\u00edvel<\/li>\n<li>Seguro de Vida<\/li>\n<li>Gympass<\/li>\n<\/ul>\n","protected":false},"excerpt":{"rendered":"<p>A SEEL ENGENHARIA est\u00e1 em busca de um(a) T\u00e9cnico(a) de Enfermagem do Trabalho para atuar no suporte \u00e0s atividades de sa\u00fade ocupacional, contribuindo para a promo\u00e7\u00e3o da sa\u00fade, preven\u00e7\u00e3o de riscos e atendimento aos colaboradores, conforme as normas vigentes. Responsabilidades Realizar atendimentos de primeiros socorros em situa\u00e7\u00f5es de urg\u00eancia no ambiente de trabalho. Dar suporte [&hellip;]<\/p>\n","protected":false},"author":1,"featured_media":0,"comment_status":"open","ping_status":"open","sticky":false,"template":"","format":"standard","meta":{"footnotes":""},"categories":[21],"tags":[],"class_list":["post-1540","post","type-post","status-publish","format-standard","hentry","category-rio-de-janeiro-rj"],"_links":{"self":[{"href":"https:\/\/vagas.portalemprego.com.br\/index.php?rest_route=\/wp\/v2\/posts\/1540","targetHints":{"allow":["GET"]}}],"collection":[{"href":"https:\/\/vagas.portalemprego.com.br\/index.php?rest_route=\/wp\/v2\/posts"}],"about":[{"href":"https:\/\/vagas.portalemprego.com.br\/index.php?rest_route=\/wp\/v2\/types\/post"}],"author":[{"embeddable":true,"href":"https:\/\/vagas.portalemprego.com.br\/index.php?rest_route=\/wp\/v2\/users\/1"}],"replies":[{"embeddable":true,"href":"https:\/\/vagas.portalemprego.com.br\/index.php?rest_route=%2Fwp%2Fv2%2Fcomments&post=1540"}],"version-history":[{"count":0,"href":"https:\/\/vagas.portalemprego.com.br\/index.php?rest_route=\/wp\/v2\/posts\/1540\/revisions"}],"wp:attachment":[{"href":"https:\/\/vagas.portalemprego.com.br\/index.php?rest_route=%2Fwp%2Fv2%2Fmedia&parent=1540"}],"wp:term":[{"taxonomy":"category","embeddable":true,"href":"https:\/\/vagas.portalemprego.com.br\/index.php?rest_route=%2Fwp%2Fv2%2Fcategories&post=1540"},{"taxonomy":"post_tag","embeddable":true,"href":"https:\/\/vagas.portalemprego.com.br\/index.php?rest_route=%2Fwp%2Fv2%2Ftags&post=1540"}],"curies":[{"name":"wp","href":"https:\/\/api.w.org\/{rel}","templated":true}]}}