{"id":1542,"date":"2026-04-29T06:04:04","date_gmt":"2026-04-29T09:04:04","guid":{"rendered":"https:\/\/vagas.portalemprego.com.br\/?p=1542"},"modified":"2026-04-29T06:04:04","modified_gmt":"2026-04-29T09:04:04","slug":"ajudante-de-cozinha-pcd-alimentacao-gastronomia-rio-de-janeiro","status":"publish","type":"post","link":"https:\/\/vagas.portalemprego.com.br\/?p=1542","title":{"rendered":"Ajudante de Cozinha (PCD) &#8211; Alimenta\u00e7\u00e3o \/ Gastronomia &#8211; Rio de Janeiro"},"content":{"rendered":"<p>Requisitos:<br \/>\nRealiza o preparo de temperos e guarni\u00e7\u00f5es (arroz e feij\u00e3o);<br \/>\nCortes de legumes e verduras;<br \/>\nEtiquetagem de Alimentos;<br \/>\nSuporte ao cozinheiro.<br \/>\nTer disponibilidade de hor\u00e1rio, principalmente noite e madrugada.<\/p>\n<p>Vagas para unidade da Barra da Tijuca, Zona Sul e Copacabana.<br \/>\nDisponibilidade para atuar na escala 6&#215;1 no hor\u00e1rio da noite e madrugada<\/p>\n<ul>\n<li>N\u00famero de vagas: 10<\/li>\n<li>Local de trabalho: Rio de Janeiro, RJ<\/li>\n<li>Regime de contrata\u00e7\u00e3o de tipo: Efetivo \u2013 CLT<\/li>\n<li>Jornada: Per\u00edodo Integral<\/li>\n<li>\u00c1rea e especializa\u00e7\u00e3o profissional: Alimenta\u00e7\u00e3o \/ Gastronomia &#8211; Cozinha<\/li>\n<li>N\u00edvel hier\u00e1rquico: Operacional<\/li>\n<\/ul>\n<p>HABILIDADES<\/p>\n<ul>\n<li>administra\u00e7\u00e3o de tempo<\/li>\n<li>comprometimento<\/li>\n<li>assertividade<\/li>\n<\/ul>\n<p>Escolaridade M\u00ednima: Ensino Fundamental (1\u00ba grau)<\/p>\n<p>Sal\u00e1rio: 22000,0<\/p>\n","protected":false},"excerpt":{"rendered":"<p>Requisitos: Realiza o preparo de temperos e guarni\u00e7\u00f5es (arroz e feij\u00e3o); Cortes de legumes e verduras; Etiquetagem de Alimentos; Suporte ao cozinheiro. Ter disponibilidade de hor\u00e1rio, principalmente noite e madrugada. Vagas para unidade da Barra da Tijuca, Zona Sul e Copacabana. Disponibilidade para atuar na escala 6&#215;1 no hor\u00e1rio da noite e madrugada N\u00famero de [&hellip;]<\/p>\n","protected":false},"author":1,"featured_media":0,"comment_status":"open","ping_status":"open","sticky":false,"template":"","format":"standard","meta":{"footnotes":""},"categories":[21],"tags":[],"class_list":["post-1542","post","type-post","status-publish","format-standard","hentry","category-rio-de-janeiro-rj"],"_links":{"self":[{"href":"https:\/\/vagas.portalemprego.com.br\/index.php?rest_route=\/wp\/v2\/posts\/1542","targetHints":{"allow":["GET"]}}],"collection":[{"href":"https:\/\/vagas.portalemprego.com.br\/index.php?rest_route=\/wp\/v2\/posts"}],"about":[{"href":"https:\/\/vagas.portalemprego.com.br\/index.php?rest_route=\/wp\/v2\/types\/post"}],"author":[{"embeddable":true,"href":"https:\/\/vagas.portalemprego.com.br\/index.php?rest_route=\/wp\/v2\/users\/1"}],"replies":[{"embeddable":true,"href":"https:\/\/vagas.portalemprego.com.br\/index.php?rest_route=%2Fwp%2Fv2%2Fcomments&post=1542"}],"version-history":[{"count":0,"href":"https:\/\/vagas.portalemprego.com.br\/index.php?rest_route=\/wp\/v2\/posts\/1542\/revisions"}],"wp:attachment":[{"href":"https:\/\/vagas.portalemprego.com.br\/index.php?rest_route=%2Fwp%2Fv2%2Fmedia&parent=1542"}],"wp:term":[{"taxonomy":"category","embeddable":true,"href":"https:\/\/vagas.portalemprego.com.br\/index.php?rest_route=%2Fwp%2Fv2%2Fcategories&post=1542"},{"taxonomy":"post_tag","embeddable":true,"href":"https:\/\/vagas.portalemprego.com.br\/index.php?rest_route=%2Fwp%2Fv2%2Ftags&post=1542"}],"curies":[{"name":"wp","href":"https:\/\/api.w.org\/{rel}","templated":true}]}}