{"id":1547,"date":"2026-04-29T06:04:04","date_gmt":"2026-04-29T09:04:04","guid":{"rendered":"https:\/\/vagas.portalemprego.com.br\/?p=1547"},"modified":"2026-04-29T06:04:04","modified_gmt":"2026-04-29T09:04:04","slug":"repositor-comercial-vendas-sao-joao-de-meriti","status":"publish","type":"post","link":"https:\/\/vagas.portalemprego.com.br\/?p=1547","title":{"rendered":"Repositor &#8211; Comercial, Vendas &#8211; S\u00e3o Jo\u00e3o de Meriti"},"content":{"rendered":"<p>REPOSITOR \/ PROMOTOR \u2013 APENAS HOMENS<br \/>\nPRECISA TER CELULAR ANDROID<br \/>\nCOBERTURA DE F\u00c9RIAS TEMPOR\u00c1RIO &#8211; CARTEIRA ASSINADA (3 MESES)<br \/>\nPerfil necess\u00e1rio:<br \/>\nExperi\u00eancia comprovada m\u00ednima de 1 ano como Promotor de Vendas<br \/>\nExperi\u00eancia com reposi\u00e7\u00e3o em PDV<br \/>\nHabilidade no uso de APPs\/sistemas de coleta<br \/>\nDisponibilidade para atuar em escala 6&#215;1<br \/>\nBoa apar\u00eancia (cuidados com cabelos e unhas)<br \/>\nBoa comunica\u00e7\u00e3o<\/p>\n<p>Atividades \/ Mec\u00e2nica da A\u00e7\u00e3o:<br \/>\n\u2022 Abastecer todas as marcas solicitadas via APP<br \/>\n\u2022 Realizar FIFO<br \/>\n\u2022 Controle e acompanhamento de vencimentos<br \/>\n\u2022 Reposi\u00e7\u00e3o e organiza\u00e7\u00e3o de mercadorias<br \/>\n\u2022 Manter os produtos limpos, organizados e bem expostos<\/p>\n<p>Remunera\u00e7\u00e3o e Benef\u00edcios:<br \/>\nSal\u00e1rio: R$ 1.628,11 + VT +  VR: R$ 27,60 por dia (desconto em folha de 10%)<br \/>\nAux\u00edlio celular: R$ 50,00 + Aux\u00edlio internet: R$ 50,00 +  Assist\u00eancia odontol\u00f3gica<br \/>\nHor\u00e1rio:<br \/>\nEscala 6&#215;1 \u2013 QUARTA \u00c0 SEGUNDA DAS 09:00 \u00c0S 17:20 &#8211; 01:00 DE INTERVALO<\/p>\n<ul>\n<li>Local de trabalho: S\u00e3o Jo\u00e3o de Meriti, RJ<\/li>\n<li>Regime de contrata\u00e7\u00e3o de tipo: Tempor\u00e1rio<\/li>\n<li>Jornada: Per\u00edodo Integral<\/li>\n<li>\u00c1rea e especializa\u00e7\u00e3o profissional: Comercial, Vendas &#8211; Demonstrador \/ Promotor<\/li>\n<li>N\u00edvel hier\u00e1rquico: Operacional<\/li>\n<\/ul>\n<p>VALORIZADO<\/p>\n<p>Tempo de experi\u00eancia: Menos de 1 ano<\/p>\n<p>Escolaridade M\u00ednima: Ensino M\u00e9dio (2\u00ba Grau)<\/p>\n<p>Sal\u00e1rio: 1628,11<\/p>\n","protected":false},"excerpt":{"rendered":"<p>REPOSITOR \/ PROMOTOR \u2013 APENAS HOMENS PRECISA TER CELULAR ANDROID COBERTURA DE F\u00c9RIAS TEMPOR\u00c1RIO &#8211; CARTEIRA ASSINADA (3 MESES) Perfil necess\u00e1rio: Experi\u00eancia comprovada m\u00ednima de 1 ano como Promotor de Vendas Experi\u00eancia com reposi\u00e7\u00e3o em PDV Habilidade no uso de APPs\/sistemas de coleta Disponibilidade para atuar em escala 6&#215;1 Boa apar\u00eancia (cuidados com cabelos e [&hellip;]<\/p>\n","protected":false},"author":1,"featured_media":0,"comment_status":"open","ping_status":"open","sticky":false,"template":"","format":"standard","meta":{"footnotes":""},"categories":[21],"tags":[],"class_list":["post-1547","post","type-post","status-publish","format-standard","hentry","category-rio-de-janeiro-rj"],"_links":{"self":[{"href":"https:\/\/vagas.portalemprego.com.br\/index.php?rest_route=\/wp\/v2\/posts\/1547","targetHints":{"allow":["GET"]}}],"collection":[{"href":"https:\/\/vagas.portalemprego.com.br\/index.php?rest_route=\/wp\/v2\/posts"}],"about":[{"href":"https:\/\/vagas.portalemprego.com.br\/index.php?rest_route=\/wp\/v2\/types\/post"}],"author":[{"embeddable":true,"href":"https:\/\/vagas.portalemprego.com.br\/index.php?rest_route=\/wp\/v2\/users\/1"}],"replies":[{"embeddable":true,"href":"https:\/\/vagas.portalemprego.com.br\/index.php?rest_route=%2Fwp%2Fv2%2Fcomments&post=1547"}],"version-history":[{"count":0,"href":"https:\/\/vagas.portalemprego.com.br\/index.php?rest_route=\/wp\/v2\/posts\/1547\/revisions"}],"wp:attachment":[{"href":"https:\/\/vagas.portalemprego.com.br\/index.php?rest_route=%2Fwp%2Fv2%2Fmedia&parent=1547"}],"wp:term":[{"taxonomy":"category","embeddable":true,"href":"https:\/\/vagas.portalemprego.com.br\/index.php?rest_route=%2Fwp%2Fv2%2Fcategories&post=1547"},{"taxonomy":"post_tag","embeddable":true,"href":"https:\/\/vagas.portalemprego.com.br\/index.php?rest_route=%2Fwp%2Fv2%2Ftags&post=1547"}],"curies":[{"name":"wp","href":"https:\/\/api.w.org\/{rel}","templated":true}]}}