{"id":1550,"date":"2026-04-29T06:04:04","date_gmt":"2026-04-29T09:04:04","guid":{"rendered":"https:\/\/vagas.portalemprego.com.br\/?p=1550"},"modified":"2026-04-29T06:04:04","modified_gmt":"2026-04-29T09:04:04","slug":"promotor-de-vendas-junior-comercial-vendas-rio-de-janeiro-2","status":"publish","type":"post","link":"https:\/\/vagas.portalemprego.com.br\/?p=1550","title":{"rendered":"Promotor de Vendas Junior &#8211; Comercial, Vendas &#8211; Rio de Janeiro"},"content":{"rendered":"<p>PROMOTOR DE VENDAS JUNIOR<br \/>\n??VAGA TEMPOR\u00c1RIA &#8211; CONTRATO DE CARTEIRA ASSINADA DE 1 A 6 MESES <\/p>\n<p>?? OBRIGAT\u00d3RIO TER CARRO E CNH B (DOCUMENTA\u00c7\u00c3O EM DIA,SER\u00c1 SOLICITADO A DOCUMENTA\u00c7\u00c3O) <\/p>\n<p>??LOCAL DO ROTEIRO: ZONA SUL\/RJ <\/p>\n<p>Segmento de Limpeza e Higiene Pessoal <\/p>\n<p>Ter\u00a0experi\u00eancias\u00a0como\u00a0promotor<br \/>\nTer\u00a0realizado\u00a0rotas<br \/>\nExperi\u00eancias\u00a0com\u00a0uso\u00a0de\u00a0aplicativos\u00a0de\u00a0pesquisa\u00a0e\u00a0coleta\u00a0de\u00a0dados<br \/>\nCheck\u00a0in\u00a0e\u00a0Check\u00a0Out <\/p>\n<p>??Sal\u00e1rio R$ 1689,00 + KM 806,00 + VR 717,60 + AUX CELULAR 15,00<br \/>\nHor\u00e1rio: Segunda a Sexta 08h as 17h e S\u00e1bado 08h as 12h<\/p>\n<ul>\n<li>Local de trabalho: Rio de Janeiro, RJ<\/li>\n<li>Regime de contrata\u00e7\u00e3o de tipo: Tempor\u00e1rio<\/li>\n<li>Jornada: Per\u00edodo Integral<\/li>\n<li>\u00c1rea e especializa\u00e7\u00e3o profissional: Comercial, Vendas &#8211; Demonstrador \/ Promotor<\/li>\n<li>N\u00edvel hier\u00e1rquico: Operacional<\/li>\n<\/ul>\n<p>VALORIZADO<\/p>\n<p>Tempo de experi\u00eancia: Menos de 1 ano<\/p>\n<p>Escolaridade M\u00ednima: Ensino M\u00e9dio (2\u00ba Grau)<\/p>\n<p>Habilita\u00e7\u00e3o para dirigir: B<\/p>\n<p>Ve\u00edculo pr\u00f3prio<\/p>\n<p>Sal\u00e1rio: 1689,0<\/p>\n","protected":false},"excerpt":{"rendered":"<p>PROMOTOR DE VENDAS JUNIOR ??VAGA TEMPOR\u00c1RIA &#8211; CONTRATO DE CARTEIRA ASSINADA DE 1 A 6 MESES ?? OBRIGAT\u00d3RIO TER CARRO E CNH B (DOCUMENTA\u00c7\u00c3O EM DIA,SER\u00c1 SOLICITADO A DOCUMENTA\u00c7\u00c3O) ??LOCAL DO ROTEIRO: ZONA SUL\/RJ Segmento de Limpeza e Higiene Pessoal Ter\u00a0experi\u00eancias\u00a0como\u00a0promotor Ter\u00a0realizado\u00a0rotas Experi\u00eancias\u00a0com\u00a0uso\u00a0de\u00a0aplicativos\u00a0de\u00a0pesquisa\u00a0e\u00a0coleta\u00a0de\u00a0dados Check\u00a0in\u00a0e\u00a0Check\u00a0Out ??Sal\u00e1rio R$ 1689,00 + KM 806,00 + VR 717,60 + AUX [&hellip;]<\/p>\n","protected":false},"author":1,"featured_media":0,"comment_status":"open","ping_status":"open","sticky":false,"template":"","format":"standard","meta":{"footnotes":""},"categories":[21],"tags":[],"class_list":["post-1550","post","type-post","status-publish","format-standard","hentry","category-rio-de-janeiro-rj"],"_links":{"self":[{"href":"https:\/\/vagas.portalemprego.com.br\/index.php?rest_route=\/wp\/v2\/posts\/1550","targetHints":{"allow":["GET"]}}],"collection":[{"href":"https:\/\/vagas.portalemprego.com.br\/index.php?rest_route=\/wp\/v2\/posts"}],"about":[{"href":"https:\/\/vagas.portalemprego.com.br\/index.php?rest_route=\/wp\/v2\/types\/post"}],"author":[{"embeddable":true,"href":"https:\/\/vagas.portalemprego.com.br\/index.php?rest_route=\/wp\/v2\/users\/1"}],"replies":[{"embeddable":true,"href":"https:\/\/vagas.portalemprego.com.br\/index.php?rest_route=%2Fwp%2Fv2%2Fcomments&post=1550"}],"version-history":[{"count":0,"href":"https:\/\/vagas.portalemprego.com.br\/index.php?rest_route=\/wp\/v2\/posts\/1550\/revisions"}],"wp:attachment":[{"href":"https:\/\/vagas.portalemprego.com.br\/index.php?rest_route=%2Fwp%2Fv2%2Fmedia&parent=1550"}],"wp:term":[{"taxonomy":"category","embeddable":true,"href":"https:\/\/vagas.portalemprego.com.br\/index.php?rest_route=%2Fwp%2Fv2%2Fcategories&post=1550"},{"taxonomy":"post_tag","embeddable":true,"href":"https:\/\/vagas.portalemprego.com.br\/index.php?rest_route=%2Fwp%2Fv2%2Ftags&post=1550"}],"curies":[{"name":"wp","href":"https:\/\/api.w.org\/{rel}","templated":true}]}}