{"id":1559,"date":"2026-04-29T06:04:04","date_gmt":"2026-04-29T09:04:04","guid":{"rendered":"https:\/\/vagas.portalemprego.com.br\/?p=1559"},"modified":"2026-04-29T06:04:04","modified_gmt":"2026-04-29T09:04:04","slug":"tecnico-de-garantia-da-qualidade-quimica-tratamento-de-agua-1364-meio-ambiente-ecologia-rio-de-janeiro","status":"publish","type":"post","link":"https:\/\/vagas.portalemprego.com.br\/?p=1559","title":{"rendered":"T\u00c9CNICO DE GARANTIA DA QUALIDADE (QU\u00cdMICA TRATAMENTO DE \u00c1GUA) #1364 &#8211; Meio Ambiente, Ecologia &#8211; Rio de Janeiro"},"content":{"rendered":"<p>Fun\u00e7\u00e3o: T\u00c9CNICO DE GARANTIA DA QUALIDADE<br \/>\nRemunera\u00e7\u00e3o: Sal\u00e1rio base + benef\u00edcios<br \/>\nRequisitos obrigat\u00f3rios:<br \/>\nResidir pr\u00f3ximo ou de f\u00e1cil acesso ao local de trabalho (bairro: Iraj\u00e1 -RJ)<br \/>\nInterpreta\u00e7\u00e3o da ISO 17025 e pacote Office n\u00edvel avan\u00e7ado<br \/>\nEscolaridade:\u00a0Ensino\u00a0m\u00e9dio\u00a0completo\u00a0de\u00a0T\u00e9cnico\u00a0em\u00a0Quimica\u00a0ou\u00a0controle\u00a0ambiental<br \/>\nExperi\u00eancia\u00a0nas\u00a0atividades\u00a0informadas<br \/>\nExperi\u00eancia\u00a0profissional\u00a0em\u00a0sistemas\u00a0integrados\u00a0de\u00a0gest\u00e3o<br \/>\nRequisitos desej\u00e1veis: Postura, determina\u00e7\u00e3o, dinamismo, boa comunica\u00e7\u00e3o, capacidade de planejamento e gest\u00e3o de projetos, perfil inovador, sentimento de dono, flexibilidade, foco em resultados organiza\u00e7\u00e3o, pontualidade, proatividade e capacidade de relacionamento interpessoal.<\/p>\n<ul>\n<li>Local de trabalho: Rio de Janeiro, RJ<\/li>\n<li>Regime de contrata\u00e7\u00e3o de tipo: Efetivo \u2013 CLT<\/li>\n<li>Jornada: Per\u00edodo Integral<\/li>\n<li>\u00c1rea e especializa\u00e7\u00e3o profissional: Meio Ambiente, Ecologia &#8211; Gest\u00e3o Ambiental<\/li>\n<li>N\u00edvel hier\u00e1rquico: Operacional<\/li>\n<\/ul>\n<p>HABILIDADES<\/p>\n<ul>\n<li>Capacidade de relacionamento interpessoal<\/li>\n<li>Proatividade<\/li>\n<li>Pontualidade<\/li>\n<li>Organiza\u00e7\u00e3o<\/li>\n<li>Foco em resultados<\/li>\n<li>Flexibilidade<\/li>\n<li>Sentimento de dono<\/li>\n<li>Capacidade de planejamento<\/li>\n<li>Gest\u00e3o de projetos<\/li>\n<li>Boa comunica\u00e7\u00e3o<\/li>\n<li>Dinamismo<\/li>\n<li>Determina\u00e7\u00e3o<\/li>\n<li>Postura<\/li>\n<li>Perfil inovador<\/li>\n<\/ul>\n<p>Escolaridade M\u00ednima: Curso T\u00e9cnico<\/p>\n<p>Forma\u00e7\u00e3o desejada:<\/p>\n<ul>\n<li>Meio ambiente, Curso T\u00e9cnico<\/li>\n<li>Qu\u00edmica, Curso T\u00e9cnico<\/li>\n<\/ul>\n<ul>\n<li>GYM PASS<\/li>\n<li>Plano Odontol\u00f3gico<\/li>\n<li>DAY OFF<\/li>\n<li>Vale alimenta\u00e7\u00e3o<\/li>\n<li>Plano de sa\u00fade<\/li>\n<\/ul>\n<p>Sal\u00e1rio: 2637,0<\/p>\n","protected":false},"excerpt":{"rendered":"<p>Fun\u00e7\u00e3o: T\u00c9CNICO DE GARANTIA DA QUALIDADE Remunera\u00e7\u00e3o: Sal\u00e1rio base + benef\u00edcios Requisitos obrigat\u00f3rios: Residir pr\u00f3ximo ou de f\u00e1cil acesso ao local de trabalho (bairro: Iraj\u00e1 -RJ) Interpreta\u00e7\u00e3o da ISO 17025 e pacote Office n\u00edvel avan\u00e7ado Escolaridade:\u00a0Ensino\u00a0m\u00e9dio\u00a0completo\u00a0de\u00a0T\u00e9cnico\u00a0em\u00a0Quimica\u00a0ou\u00a0controle\u00a0ambiental Experi\u00eancia\u00a0nas\u00a0atividades\u00a0informadas Experi\u00eancia\u00a0profissional\u00a0em\u00a0sistemas\u00a0integrados\u00a0de\u00a0gest\u00e3o Requisitos desej\u00e1veis: Postura, determina\u00e7\u00e3o, dinamismo, boa comunica\u00e7\u00e3o, capacidade de planejamento e gest\u00e3o de projetos, perfil inovador, sentimento [&hellip;]<\/p>\n","protected":false},"author":1,"featured_media":0,"comment_status":"open","ping_status":"open","sticky":false,"template":"","format":"standard","meta":{"footnotes":""},"categories":[21],"tags":[],"class_list":["post-1559","post","type-post","status-publish","format-standard","hentry","category-rio-de-janeiro-rj"],"_links":{"self":[{"href":"https:\/\/vagas.portalemprego.com.br\/index.php?rest_route=\/wp\/v2\/posts\/1559","targetHints":{"allow":["GET"]}}],"collection":[{"href":"https:\/\/vagas.portalemprego.com.br\/index.php?rest_route=\/wp\/v2\/posts"}],"about":[{"href":"https:\/\/vagas.portalemprego.com.br\/index.php?rest_route=\/wp\/v2\/types\/post"}],"author":[{"embeddable":true,"href":"https:\/\/vagas.portalemprego.com.br\/index.php?rest_route=\/wp\/v2\/users\/1"}],"replies":[{"embeddable":true,"href":"https:\/\/vagas.portalemprego.com.br\/index.php?rest_route=%2Fwp%2Fv2%2Fcomments&post=1559"}],"version-history":[{"count":0,"href":"https:\/\/vagas.portalemprego.com.br\/index.php?rest_route=\/wp\/v2\/posts\/1559\/revisions"}],"wp:attachment":[{"href":"https:\/\/vagas.portalemprego.com.br\/index.php?rest_route=%2Fwp%2Fv2%2Fmedia&parent=1559"}],"wp:term":[{"taxonomy":"category","embeddable":true,"href":"https:\/\/vagas.portalemprego.com.br\/index.php?rest_route=%2Fwp%2Fv2%2Fcategories&post=1559"},{"taxonomy":"post_tag","embeddable":true,"href":"https:\/\/vagas.portalemprego.com.br\/index.php?rest_route=%2Fwp%2Fv2%2Ftags&post=1559"}],"curies":[{"name":"wp","href":"https:\/\/api.w.org\/{rel}","templated":true}]}}