{"id":1560,"date":"2026-04-29T06:04:04","date_gmt":"2026-04-29T09:04:04","guid":{"rendered":"https:\/\/vagas.portalemprego.com.br\/?p=1560"},"modified":"2026-04-29T06:04:04","modified_gmt":"2026-04-29T09:04:04","slug":"advogado-trabalhista-juridica-rio-de-janeiro","status":"publish","type":"post","link":"https:\/\/vagas.portalemprego.com.br\/?p=1560","title":{"rendered":"Advogado Trabalhista &#8211; Jur\u00eddica &#8211; Rio de Janeiro"},"content":{"rendered":"<p>VAGA \u2013 ADVOGADO(A) TRABALHISTA PLENO | RECLAMANTE, AUDI\u00caNCIAS E RECURSOS<\/p>\n<p>Escrit\u00f3rio de advocacia com forte atua\u00e7\u00e3o em Direito do Trabalho pelo reclamante busca Advogado(a) Trabalhista Pleno para atua\u00e7\u00e3o presencial, com foco na elabora\u00e7\u00e3o de iniciais estrat\u00e9gicas, condu\u00e7\u00e3o de audi\u00eancias e atua\u00e7\u00e3o recursal.<\/p>\n<p>A posi\u00e7\u00e3o \u00e9 ideal para profissionais com experi\u00eancia s\u00f3lida na defesa dos interesses do trabalhador, dom\u00ednio em teses como verbas rescis\u00f3rias, horas extras, insalubridade, estabilidade, reconhecimento de v\u00ednculo, revers\u00e3o de justa causa e indeniza\u00e7\u00f5es, al\u00e9m de seguran\u00e7a t\u00e9cnica na condu\u00e7\u00e3o processual.<\/p>\n<p> Local: Presencial<br \/>\n Modalidade: Presencial<br \/>\n Regime: Associado<br \/>\n Hor\u00e1rio: Segunda a sexta-feira | hor\u00e1rio comercial<br \/>\n Remunera\u00e7\u00e3o: R$ 5.000,00<\/p>\n<p> Escopo da atua\u00e7\u00e3o<br \/>\nRotina jur\u00eddica trabalhista com foco em peti\u00e7\u00f5es iniciais, an\u00e1lise documental, defini\u00e7\u00e3o de estrat\u00e9gia processual, audi\u00eancias, recursos, liquida\u00e7\u00e3o e execu\u00e7\u00e3o, sempre voltado \u00e0 m\u00e1xima recupera\u00e7\u00e3o de direitos do cliente.<\/p>\n<p> Principais atividades<br \/>\n\u2022 Elabora\u00e7\u00e3o de peti\u00e7\u00f5es iniciais trabalhistas com estrat\u00e9gia probat\u00f3ria;<br \/>\n\u2022 An\u00e1lise de documentos, cart\u00f5es de ponto, TRCT e defini\u00e7\u00e3o de pedidos;<br \/>\n\u2022 Condu\u00e7\u00e3o de audi\u00eancias iniciais, unas e de instru\u00e7\u00e3o;<br \/>\n\u2022 Elabora\u00e7\u00e3o de recursos ordin\u00e1rios, embargos e demais pe\u00e7as recursais;<br \/>\n\u2022 Impugna\u00e7\u00e3o de c\u00e1lculos e atua\u00e7\u00e3o em fase de execu\u00e7\u00e3o;<br \/>\n\u2022 Elabora\u00e7\u00e3o de r\u00e9plicas, manifesta\u00e7\u00f5es e memoriais;<br \/>\n\u2022 Controle rigoroso de prazos processuais;<br \/>\n\u2022 Acompanhamento de processos no PJe e demais sistemas.<\/p>\n<p> Requisitos<br \/>\n\u2022 Gradua\u00e7\u00e3o em Direito com OAB ativa;<br \/>\n\u2022 Experi\u00eancia s\u00f3lida em trabalhista reclamante;<br \/>\n\u2022 Viv\u00eancia pr\u00e1tica com iniciais, audi\u00eancias e recursos;<br \/>\n\u2022 Excelente reda\u00e7\u00e3o jur\u00eddica;<br \/>\n\u2022 Perfil t\u00e9cnico, anal\u00edtico e estrat\u00e9gico.<\/p>\n<p> Diferenciais<br \/>\n\u2022 Experi\u00eancia com c\u00e1lculos trabalhistas e liquida\u00e7\u00e3o;<br \/>\n\u2022 Viv\u00eancia com alto volume de iniciais;<br \/>\n\u2022 P\u00f3s-gradua\u00e7\u00e3o em Direito do Trabalho e Processo do Trabalho;<br \/>\n\u2022 Hist\u00f3rico de boa performance em audi\u00eancias e acordos.<\/p>\n<ul>\n<li>Local de trabalho: Rio de Janeiro, RJ<\/li>\n<li>Regime de contrata\u00e7\u00e3o de tipo: Aut\u00f4nomo<\/li>\n<li>Jornada: Per\u00edodo Integral<\/li>\n<li>\u00c1rea e especializa\u00e7\u00e3o profissional: Jur\u00eddica &#8211; Trabalhista<\/li>\n<li>N\u00edvel hier\u00e1rquico: Especialista<\/li>\n<\/ul>\n<p>Escolaridade M\u00ednima: Ensino Superior<\/p>\n<p>Sal\u00e1rio: 6000,0<\/p>\n","protected":false},"excerpt":{"rendered":"<p>VAGA \u2013 ADVOGADO(A) TRABALHISTA PLENO | RECLAMANTE, AUDI\u00caNCIAS E RECURSOS Escrit\u00f3rio de advocacia com forte atua\u00e7\u00e3o em Direito do Trabalho pelo reclamante busca Advogado(a) Trabalhista Pleno para atua\u00e7\u00e3o presencial, com foco na elabora\u00e7\u00e3o de iniciais estrat\u00e9gicas, condu\u00e7\u00e3o de audi\u00eancias e atua\u00e7\u00e3o recursal. A posi\u00e7\u00e3o \u00e9 ideal para profissionais com experi\u00eancia s\u00f3lida na defesa dos interesses [&hellip;]<\/p>\n","protected":false},"author":1,"featured_media":0,"comment_status":"open","ping_status":"open","sticky":false,"template":"","format":"standard","meta":{"footnotes":""},"categories":[21],"tags":[],"class_list":["post-1560","post","type-post","status-publish","format-standard","hentry","category-rio-de-janeiro-rj"],"_links":{"self":[{"href":"https:\/\/vagas.portalemprego.com.br\/index.php?rest_route=\/wp\/v2\/posts\/1560","targetHints":{"allow":["GET"]}}],"collection":[{"href":"https:\/\/vagas.portalemprego.com.br\/index.php?rest_route=\/wp\/v2\/posts"}],"about":[{"href":"https:\/\/vagas.portalemprego.com.br\/index.php?rest_route=\/wp\/v2\/types\/post"}],"author":[{"embeddable":true,"href":"https:\/\/vagas.portalemprego.com.br\/index.php?rest_route=\/wp\/v2\/users\/1"}],"replies":[{"embeddable":true,"href":"https:\/\/vagas.portalemprego.com.br\/index.php?rest_route=%2Fwp%2Fv2%2Fcomments&post=1560"}],"version-history":[{"count":0,"href":"https:\/\/vagas.portalemprego.com.br\/index.php?rest_route=\/wp\/v2\/posts\/1560\/revisions"}],"wp:attachment":[{"href":"https:\/\/vagas.portalemprego.com.br\/index.php?rest_route=%2Fwp%2Fv2%2Fmedia&parent=1560"}],"wp:term":[{"taxonomy":"category","embeddable":true,"href":"https:\/\/vagas.portalemprego.com.br\/index.php?rest_route=%2Fwp%2Fv2%2Fcategories&post=1560"},{"taxonomy":"post_tag","embeddable":true,"href":"https:\/\/vagas.portalemprego.com.br\/index.php?rest_route=%2Fwp%2Fv2%2Ftags&post=1560"}],"curies":[{"name":"wp","href":"https:\/\/api.w.org\/{rel}","templated":true}]}}