{"id":1565,"date":"2026-04-29T06:04:04","date_gmt":"2026-04-29T09:04:04","guid":{"rendered":"https:\/\/vagas.portalemprego.com.br\/?p=1565"},"modified":"2026-04-29T06:04:04","modified_gmt":"2026-04-29T09:04:04","slug":"gerente-farmaceutico-saude-rio-de-janeiro","status":"publish","type":"post","link":"https:\/\/vagas.portalemprego.com.br\/?p=1565","title":{"rendered":"Gerente Farmac\u00eautico &#8211; Sa\u00fade &#8211; Rio de Janeiro"},"content":{"rendered":"<p>Principais Atividades:<br \/>\nEngajar, desenvolver e inspirar a equipe no dia a dia;<br \/>\nSer o Respons\u00e1vel T\u00e9cnico da loja, garantindo o cumprimento das normas sanit\u00e1rias e farmac\u00eauticas;<br \/>\nOferecer orienta\u00e7\u00e3o t\u00e9cnica e acolhedora aos nossos clientes;<br \/>\nAcompanhar os indicadores de desempenho da loja e propor melhorias cont\u00ednuas;<br \/>\nGarantir a execu\u00e7\u00e3o dos processos operacionais e padr\u00f5es de qualidade;<br \/>\nRealizar treinamentos t\u00e9cnicos e de atendimento para o time;<br \/>\nCultivar uma cultura de \u00e9tica, respeito e cuidado;<br \/>\nOrganizar e acompanhar o fluxo de medicamentos, garantindo conserva\u00e7\u00e3o e validade;<br \/>\nSer uma refer\u00eancia de lideran\u00e7a e atendimento dentro da loja.<\/p>\n<p>Requisitos:<br \/>\nEnsino superior completo em Farm\u00e1cia<br \/>\nCRF Ativo<br \/>\nExperi\u00eancia anterior com gest\u00e3o de pessoas. Em varejo ser\u00e1 um diferencial.<br \/>\nDisponibilidade para atuar em escala 6&#215;1<br \/>\nDisponibilidade de hor\u00e1rios<\/p>\n<p>Benef\u00edcios:<br \/>\nVT<br \/>\nRefei\u00e7\u00e3o no local<br \/>\nCesta b\u00e1sica<br \/>\nCesta de Natal<br \/>\nAssist\u00eancia M\u00e9dica<br \/>\nAssist\u00eancia Odontol\u00f3gica<br \/>\nConv\u00eanio com institui\u00e7\u00f5es ensino<br \/>\nConv\u00eanio SESC<br \/>\nDesconto em produtos Venancio e vacina\u00e7\u00e3o<br \/>\nTotal Pass<br \/>\nSeguro de Vida<br \/>\nPlataforma Wellz &#8211; Apoio psicol\u00f3gico<br \/>\nRemunera\u00e7\u00e3o vari\u00e1vel<\/p>\n<p>Jornada de Trabalho<br \/>\nEscala 6X1<br \/>\n44 horas semanais<br \/>\nHor\u00e1rio: 14:50 \u00e0s 23:10<br \/>\nEtapas do Processo<br \/>\nCadastro<br \/>\nEntrevista com o Recrutador<br \/>\nEntrevista com o Gerente Regional<br \/>\nProposta e ASO<br \/>\nContrata\u00e7\u00e3o<\/p>\n<ul>\n<li>N\u00famero de vagas: 10<\/li>\n<li>Local de trabalho: Rio de Janeiro, RJ<\/li>\n<li>Regime de contrata\u00e7\u00e3o de tipo: Efetivo \u2013 CLT<\/li>\n<li>Jornada: Parcial noites<\/li>\n<li>\u00c1rea e especializa\u00e7\u00e3o profissional: Sa\u00fade &#8211; Farm\u00e1cia<\/li>\n<li>N\u00edvel hier\u00e1rquico: Gerente<\/li>\n<\/ul>\n<p>VALORIZADO<\/p>\n<p>Tempo de experi\u00eancia: Entre 1 e 3 anos<\/p>\n<p>HABILIDADES<\/p>\n<ul>\n<li>Relacionamento Interpessoal<\/li>\n<li>Atendimento ao cliente<\/li>\n<li>Boa comunica\u00e7\u00e3o<\/li>\n<li>Vendas<\/li>\n<li>Farmacia<\/li>\n<li>Vendas farmac\u00eauticas<\/li>\n<li>Vacina\u00e7\u00e3o<\/li>\n<\/ul>\n<p>Escolaridade M\u00ednima: Ensino Superior<\/p>\n<ul>\n<li>Assist\u00eancia odontol\u00f3gica<\/li>\n<li>Refei\u00e7\u00e3o no local<\/li>\n<li>Cesta b\u00e1sica<\/li>\n<li>Cesta de Natal<\/li>\n<li>Total Pass<\/li>\n<li>Seguro de Vida<\/li>\n<li>Vale Transporte<\/li>\n<li>Assist\u00eancia m\u00e9dica<\/li>\n<li>Remunera\u00e7\u00e3o vari\u00e1vel<\/li>\n<li>Apoio psicol\u00f3gico<\/li>\n<li>Parceria com empresas na \u00e1rea da Educa\u00e7\u00e3o<\/li>\n<\/ul>\n","protected":false},"excerpt":{"rendered":"<p>Principais Atividades: Engajar, desenvolver e inspirar a equipe no dia a dia; Ser o Respons\u00e1vel T\u00e9cnico da loja, garantindo o cumprimento das normas sanit\u00e1rias e farmac\u00eauticas; Oferecer orienta\u00e7\u00e3o t\u00e9cnica e acolhedora aos nossos clientes; Acompanhar os indicadores de desempenho da loja e propor melhorias cont\u00ednuas; Garantir a execu\u00e7\u00e3o dos processos operacionais e padr\u00f5es de qualidade; [&hellip;]<\/p>\n","protected":false},"author":1,"featured_media":0,"comment_status":"open","ping_status":"open","sticky":false,"template":"","format":"standard","meta":{"footnotes":""},"categories":[21],"tags":[],"class_list":["post-1565","post","type-post","status-publish","format-standard","hentry","category-rio-de-janeiro-rj"],"_links":{"self":[{"href":"https:\/\/vagas.portalemprego.com.br\/index.php?rest_route=\/wp\/v2\/posts\/1565","targetHints":{"allow":["GET"]}}],"collection":[{"href":"https:\/\/vagas.portalemprego.com.br\/index.php?rest_route=\/wp\/v2\/posts"}],"about":[{"href":"https:\/\/vagas.portalemprego.com.br\/index.php?rest_route=\/wp\/v2\/types\/post"}],"author":[{"embeddable":true,"href":"https:\/\/vagas.portalemprego.com.br\/index.php?rest_route=\/wp\/v2\/users\/1"}],"replies":[{"embeddable":true,"href":"https:\/\/vagas.portalemprego.com.br\/index.php?rest_route=%2Fwp%2Fv2%2Fcomments&post=1565"}],"version-history":[{"count":0,"href":"https:\/\/vagas.portalemprego.com.br\/index.php?rest_route=\/wp\/v2\/posts\/1565\/revisions"}],"wp:attachment":[{"href":"https:\/\/vagas.portalemprego.com.br\/index.php?rest_route=%2Fwp%2Fv2%2Fmedia&parent=1565"}],"wp:term":[{"taxonomy":"category","embeddable":true,"href":"https:\/\/vagas.portalemprego.com.br\/index.php?rest_route=%2Fwp%2Fv2%2Fcategories&post=1565"},{"taxonomy":"post_tag","embeddable":true,"href":"https:\/\/vagas.portalemprego.com.br\/index.php?rest_route=%2Fwp%2Fv2%2Ftags&post=1565"}],"curies":[{"name":"wp","href":"https:\/\/api.w.org\/{rel}","templated":true}]}}