{"id":1570,"date":"2026-04-29T06:04:04","date_gmt":"2026-04-29T09:04:04","guid":{"rendered":"https:\/\/vagas.portalemprego.com.br\/?p=1570"},"modified":"2026-04-29T06:04:04","modified_gmt":"2026-04-29T09:04:04","slug":"meio-oficial-eletromecanico-logistica-rio-de-janeiro","status":"publish","type":"post","link":"https:\/\/vagas.portalemprego.com.br\/?p=1570","title":{"rendered":"Meio Oficial Eletromec\u00e2nico &#8211; Log\u00edstica &#8211; Rio de Janeiro"},"content":{"rendered":"<p>Fun\u00e7\u00f5es:<br \/>\nRealizar manuten\u00e7\u00e3o preventiva e corretiva em equipamentos eletromec\u00e2nicos<br \/>\nDiagn\u00f3stico e reparo de falhas em sistemas el\u00e9tricos<br \/>\nColaborar com equipes t\u00e9cnicas na implementa\u00e7\u00e3o de projetos<br \/>\nAcompanhar e registrar procedimentos t\u00e9cnicos<\/p>\n<p>Requisitos:<br \/>\nExperi\u00eancia em manuten\u00e7\u00e3o eletromec\u00e2nica<br \/>\nConhecimento em sistemas el\u00e9tricos e hidr\u00e1ulicos<br \/>\nCapacidade de leitura e interpreta\u00e7\u00e3o de esquemas el\u00e9tricos<br \/>\nHabilidade para trabalhar em equipe<\/p>\n<ul>\n<li>Local de trabalho: Rio de Janeiro, RJ<\/li>\n<li>Regime de contrata\u00e7\u00e3o de tipo: Efetivo \u2013 CLT<\/li>\n<li>Jornada: Per\u00edodo Integral<\/li>\n<li>\u00c1rea e especializa\u00e7\u00e3o profissional: Log\u00edstica &#8211; Log\u00edstica<\/li>\n<li>N\u00edvel hier\u00e1rquico: Operacional<\/li>\n<\/ul>\n<p>VALORIZADO<\/p>\n<p>Tempo de experi\u00eancia: Entre 1 e 3 anos<\/p>\n<p>Escolaridade M\u00ednima: Ensino M\u00e9dio (2\u00ba Grau)<\/p>\n<p>Sal\u00e1rio: 2002,6<\/p>\n","protected":false},"excerpt":{"rendered":"<p>Fun\u00e7\u00f5es: Realizar manuten\u00e7\u00e3o preventiva e corretiva em equipamentos eletromec\u00e2nicos Diagn\u00f3stico e reparo de falhas em sistemas el\u00e9tricos Colaborar com equipes t\u00e9cnicas na implementa\u00e7\u00e3o de projetos Acompanhar e registrar procedimentos t\u00e9cnicos Requisitos: Experi\u00eancia em manuten\u00e7\u00e3o eletromec\u00e2nica Conhecimento em sistemas el\u00e9tricos e hidr\u00e1ulicos Capacidade de leitura e interpreta\u00e7\u00e3o de esquemas el\u00e9tricos Habilidade para trabalhar em equipe Local [&hellip;]<\/p>\n","protected":false},"author":1,"featured_media":0,"comment_status":"open","ping_status":"open","sticky":false,"template":"","format":"standard","meta":{"footnotes":""},"categories":[21],"tags":[],"class_list":["post-1570","post","type-post","status-publish","format-standard","hentry","category-rio-de-janeiro-rj"],"_links":{"self":[{"href":"https:\/\/vagas.portalemprego.com.br\/index.php?rest_route=\/wp\/v2\/posts\/1570","targetHints":{"allow":["GET"]}}],"collection":[{"href":"https:\/\/vagas.portalemprego.com.br\/index.php?rest_route=\/wp\/v2\/posts"}],"about":[{"href":"https:\/\/vagas.portalemprego.com.br\/index.php?rest_route=\/wp\/v2\/types\/post"}],"author":[{"embeddable":true,"href":"https:\/\/vagas.portalemprego.com.br\/index.php?rest_route=\/wp\/v2\/users\/1"}],"replies":[{"embeddable":true,"href":"https:\/\/vagas.portalemprego.com.br\/index.php?rest_route=%2Fwp%2Fv2%2Fcomments&post=1570"}],"version-history":[{"count":0,"href":"https:\/\/vagas.portalemprego.com.br\/index.php?rest_route=\/wp\/v2\/posts\/1570\/revisions"}],"wp:attachment":[{"href":"https:\/\/vagas.portalemprego.com.br\/index.php?rest_route=%2Fwp%2Fv2%2Fmedia&parent=1570"}],"wp:term":[{"taxonomy":"category","embeddable":true,"href":"https:\/\/vagas.portalemprego.com.br\/index.php?rest_route=%2Fwp%2Fv2%2Fcategories&post=1570"},{"taxonomy":"post_tag","embeddable":true,"href":"https:\/\/vagas.portalemprego.com.br\/index.php?rest_route=%2Fwp%2Fv2%2Ftags&post=1570"}],"curies":[{"name":"wp","href":"https:\/\/api.w.org\/{rel}","templated":true}]}}