{"id":1571,"date":"2026-04-29T06:04:04","date_gmt":"2026-04-29T09:04:04","guid":{"rendered":"https:\/\/vagas.portalemprego.com.br\/?p=1571"},"modified":"2026-04-29T06:04:04","modified_gmt":"2026-04-29T09:04:04","slug":"coordenador-de-recursos-humanos-recursos-humanos-seropedica","status":"publish","type":"post","link":"https:\/\/vagas.portalemprego.com.br\/?p=1571","title":{"rendered":"Coordenador de Recursos Humanos &#8211; Recursos Humanos &#8211; Serop\u00e9dica"},"content":{"rendered":"<p>A Panco, refer\u00eancia no mercado de alimentos, busca um Coordenador (a) de Recursos Humanos para fazer parte da equipe! O que esperamos de voc\u00ea?<br \/>\nProcuramos profissionais dedicados e que tem o prop\u00f3sito de trabalhar com muito amor, carinho e dedica\u00e7\u00e3o. Se voc\u00ea \u00e9 uma dessas pessoas, venha fazer parte da nossa fam\u00edlia!<br \/>\nDescri\u00e7\u00e3o:<br \/>\nCoordenar e controlar a execu\u00e7\u00e3o de tarefas envolvidas com a administra\u00e7\u00e3o de recursos humanos na f\u00e1brica, compreendendo controle de ponto, admiss\u00e3o, demiss\u00e3o de pessoal, Seguran\u00e7a do Trabalho e Patrimonial, dentre outras, acompanhando e orientando os envolvidos, conferindo e avaliando as tarefas executadas. Controlar o cumprimento das obriga\u00e7\u00f5es legais e os regulamentos da empresa nas suas corre\u00e7\u00f5es e cumprimento das datas; representar a empresa em \u00f3rg\u00e3os p\u00fablicos; atuar como preposto perante a justi\u00e7a trabalhista; orientar outras \u00e1reas em assuntos ligados a pessoal; coordenar e acompanhar as atividades relacionadas aos processos de admiss\u00e3o e remunera\u00e7\u00e3o do RH Matriz, supervisionar os restaurantes terceirizados, verificando se as mesmas est\u00e3o em conformidade e atendendo as condi\u00e7\u00f5es do contrato estabelecido, normas da vigil\u00e2ncia sanit\u00e1ria e padr\u00f5es de qualidade.<br \/>\nResponsabilidades:<br \/>\nCoordenar as ocorr\u00eancias e manuten\u00e7\u00e3o dos pontos dos funcion\u00e1rios (atrasos, Faltas e sa\u00eddas antecipadas).<br \/>\nSelecionar candidatos de cargos t\u00e9cnicos e de lideran\u00e7a, entrevistando, colhendo informa\u00e7\u00f5es sobre experi\u00eancia profissional, encaminhando para avalia\u00e7\u00e3o do requisitante da vaga, para obter o melhor profissional.<br \/>\nComunicar, verificar e analisar o processo de rescis\u00e3o de contrato, observando se h\u00e1 ou n\u00e3o restri\u00e7\u00e3o quanto \u00e0 demiss\u00e3o, lendo conven\u00e7\u00e3o coletiva, solicitando parecer ao RH da Matriz, a fim de evitar problemas trabalhistas futuros.<br \/>\nAnalisar juntamente com os encarregados e formalizar processos de solicita\u00e7\u00e3o, requisi\u00e7\u00e3o e movimenta\u00e7\u00e3o de pessoal.<br \/>\nEsclarecer d\u00favidas a funcion\u00e1rios referentes a pagamentos, benef\u00edcios, f\u00e9rias, entre outros pertinentes ao setor de pessoal.<br \/>\nAtender Fiscais do Trabalho e Oficiais de Justi\u00e7a.<br \/>\nRepresentar a empresa em audi\u00eancias trabalhistas e homologa\u00e7\u00f5es.<br \/>\nAcompanhar a Administra\u00e7\u00e3o da Produ\u00e7\u00e3o, Manuten\u00e7\u00e3o Mec\u00e2nica, Seguran\u00e7a do Trabalho e demais setores pertencentes \u00e0 f\u00e1brica, auxiliando os gestores na resolu\u00e7\u00e3o de conflitos, organiza\u00e7\u00e3o de a\u00e7\u00f5es internas, treinamentos e participa\u00e7\u00e3o nas reuni\u00f5es da CIPA, a fim de manter-se atualizado sobre as ocorr\u00eancias do dia a dia e tomar medidas pontuais e\/ou comunicar a chefia imediata.<br \/>\nAtuar no desenvolvimento e dissemina\u00e7\u00e3o das pol\u00edticas de RH e da filial;<br \/>\nCoordenar os processos de admiss\u00e3o do RH Matriz, acompanhar a evolu\u00e7\u00e3o dos trabalhos e desenvolver melhoria nos processos.<br \/>\nAcompanhar as atividades do setor de cargos e sal\u00e1rios no desempenho dos trabalhos e cumprimento de prazos.<br \/>\nAnalisar card\u00e1pio mensal das empresas terceirizadas de refei\u00e7\u00e3o coletiva, verificando composi\u00e7\u00e3o, incid\u00eancia e harmonia<br \/>\nVerificar se as empresas de refei\u00e7\u00f5es coletivas est\u00e3o trabalhando em conformidade com o contrato estabelecido, vigil\u00e2ncia sanit\u00e1ria e padr\u00f5es de qualidade.<br \/>\nDemonstrar \u00e0 diretoria e aos demais gestores, de forma clara e objetiva as regras que evita que a empresa venha a sofrer autua\u00e7\u00f5es, revisando e atualizando cadastros funcionais, eventos trabalhistas, cargos e demais informa\u00e7\u00f5es;<br \/>\nExecutara outras tarefas correlatas \u00e0 fun\u00e7\u00e3o a crit\u00e9rio do superior imediato;<br \/>\nLaborar conforme as normas de seguran\u00e7a, higiene e meio ambiente.<\/p>\n<p>Requisitos:<br \/>\nEnsino superior completo Psicologia, Administra\u00e7\u00e3o ou \u00e1rea correlatas<br \/>\nConhecimentos:<br \/>\nPacote office intermedi\u00e1rio\/avan\u00e7ado<br \/>\nCNH categoria B (disponibilidade para viagens entre as unidades)<\/p>\n<p>Onde voc\u00ea ir\u00e1 trabalhar?<br \/>\n\u2022 Local de trabalho: F\u00e1brica de Serop\u00e9dica\/RJ na Estrada\u00a0Santa\u00a0Alice,\u00a0s\/n\u00a0lote\u00a09.\u00a0Polo\u00a0industrial\u00a0de\u00a0Serop\u00e9dica &#8211; Regime: 100% presencial<br \/>\n\u00b7 Escala de trabalho: Segunda a Sexta das 07:30 as 17:18 &#8211; <\/p>\n<p>Se identificou? Se inscreva! Esperamos por voc\u00ea! #VemserPanco<\/p>\n<ul>\n<li>Local de trabalho: Serop\u00e9dica, RJ<\/li>\n<li>Regime de contrata\u00e7\u00e3o de tipo: Efetivo \u2013 CLT<\/li>\n<li>Jornada: Per\u00edodo Integral<\/li>\n<li>\u00c1rea e especializa\u00e7\u00e3o profissional: Recursos Humanos &#8211; Recursos Humanos (Generalista)<\/li>\n<li>N\u00edvel hier\u00e1rquico: Coordenador<\/li>\n<\/ul>\n<p>VALORIZADO<\/p>\n<p>Tempo de experi\u00eancia: Entre 3 e 5 anos<\/p>\n<p>HABILIDADES<\/p>\n<ul>\n<li>Gest\u00e3o do ambiente de trabalho<\/li>\n<li>Microsoft office<\/li>\n<li>Capacidade de coordena\u00e7\u00e3o<\/li>\n<li>Gest\u00e3o de pessoas<\/li>\n<li>Recursos humanos<\/li>\n<li>Sele\u00e7\u00e3o de pessoal<\/li>\n<\/ul>\n<p>Escolaridade M\u00ednima: Ensino Superior<\/p>\n<p>Forma\u00e7\u00e3o desejada:<\/p>\n<ul>\n<li>Gest\u00e3o de Recursos Humanos, Ensino Superior<\/li>\n<li>Psicologia, Ensino Superior<\/li>\n<li>Administra\u00e7\u00e3o de empresas, Ensino Superior<\/li>\n<\/ul>\n<p>Disponibilidade para viajar<\/p>\n<ul>\n<li>Vale-alimenta\u00e7\u00e3o<\/li>\n<li>Vale-refei\u00e7\u00e3o<\/li>\n<li>Vale-transporte<\/li>\n<li>Assist\u00eancia m\u00e9dica<\/li>\n<li>Assist\u00eancia odontol\u00f3gica<\/li>\n<li>Seguro de Vida<\/li>\n<\/ul>\n","protected":false},"excerpt":{"rendered":"<p>A Panco, refer\u00eancia no mercado de alimentos, busca um Coordenador (a) de Recursos Humanos para fazer parte da equipe! O que esperamos de voc\u00ea? Procuramos profissionais dedicados e que tem o prop\u00f3sito de trabalhar com muito amor, carinho e dedica\u00e7\u00e3o. Se voc\u00ea \u00e9 uma dessas pessoas, venha fazer parte da nossa fam\u00edlia! Descri\u00e7\u00e3o: Coordenar e [&hellip;]<\/p>\n","protected":false},"author":1,"featured_media":0,"comment_status":"open","ping_status":"open","sticky":false,"template":"","format":"standard","meta":{"footnotes":""},"categories":[21],"tags":[],"class_list":["post-1571","post","type-post","status-publish","format-standard","hentry","category-rio-de-janeiro-rj"],"_links":{"self":[{"href":"https:\/\/vagas.portalemprego.com.br\/index.php?rest_route=\/wp\/v2\/posts\/1571","targetHints":{"allow":["GET"]}}],"collection":[{"href":"https:\/\/vagas.portalemprego.com.br\/index.php?rest_route=\/wp\/v2\/posts"}],"about":[{"href":"https:\/\/vagas.portalemprego.com.br\/index.php?rest_route=\/wp\/v2\/types\/post"}],"author":[{"embeddable":true,"href":"https:\/\/vagas.portalemprego.com.br\/index.php?rest_route=\/wp\/v2\/users\/1"}],"replies":[{"embeddable":true,"href":"https:\/\/vagas.portalemprego.com.br\/index.php?rest_route=%2Fwp%2Fv2%2Fcomments&post=1571"}],"version-history":[{"count":0,"href":"https:\/\/vagas.portalemprego.com.br\/index.php?rest_route=\/wp\/v2\/posts\/1571\/revisions"}],"wp:attachment":[{"href":"https:\/\/vagas.portalemprego.com.br\/index.php?rest_route=%2Fwp%2Fv2%2Fmedia&parent=1571"}],"wp:term":[{"taxonomy":"category","embeddable":true,"href":"https:\/\/vagas.portalemprego.com.br\/index.php?rest_route=%2Fwp%2Fv2%2Fcategories&post=1571"},{"taxonomy":"post_tag","embeddable":true,"href":"https:\/\/vagas.portalemprego.com.br\/index.php?rest_route=%2Fwp%2Fv2%2Ftags&post=1571"}],"curies":[{"name":"wp","href":"https:\/\/api.w.org\/{rel}","templated":true}]}}