{"id":1574,"date":"2026-04-29T06:04:04","date_gmt":"2026-04-29T09:04:04","guid":{"rendered":"https:\/\/vagas.portalemprego.com.br\/?p=1574"},"modified":"2026-04-29T06:04:04","modified_gmt":"2026-04-29T09:04:04","slug":"assistente-de-recrutamento-selecao-administracao-rio-de-janeiro","status":"publish","type":"post","link":"https:\/\/vagas.portalemprego.com.br\/?p=1574","title":{"rendered":"Assistente de Recrutamento &amp; Sele\u00e7\u00e3o &#8211; Administra\u00e7\u00e3o &#8211; Rio de Janeiro"},"content":{"rendered":"<p>Cargo: Assistente de Recrutamento &amp; Sele\u00e7\u00e3o (R&amp;S)<br \/>\nLocal de trabalho: S\u00e3o Conrado \u2013 Rio de Janeiro\/RJ<br \/>\nModalidade: 100% presencial<br \/>\nHor\u00e1rio: Segunda a sexta-feira, das 08h \u00e0s 18h<br \/>\nResponsabilidades:<br \/>\nApoiar os processos de recrutamento e sele\u00e7\u00e3o, desde o alinhamento de perfil at\u00e9 a admiss\u00e3o;<br \/>\nDivulgar vagas em diferentes canais (sites, redes sociais e plataformas de recrutamento);<br \/>\nRealizar triagem de curr\u00edculos conforme os requisitos das vagas;<br \/>\nConduzir contatos iniciais com candidatos (convoca\u00e7\u00e3o, agendamentos e devolutivas);<br \/>\nApoiar na condu\u00e7\u00e3o de entrevistas individuais e\/ou coletivas;<br \/>\nAtualizar controles e relat\u00f3rios de vagas;<br \/>\nOrganizar documenta\u00e7\u00e3o de candidatos aprovados para admiss\u00e3o;<br \/>\nApoiar na melhoria cont\u00ednua dos processos de R&amp;S.<br \/>\nRequisitos:<br \/>\nEnsino superior cursando ou completo em Psicologia, Administra\u00e7\u00e3o, RH ou \u00e1reas correlatas;<br \/>\nExperi\u00eancia m\u00ednima de 6 meses com recrutamento e sele\u00e7\u00e3o;<br \/>\nConhecimento em plataformas de recrutamento (ex: Pandap\u00e9, LinkedIn, etc.);<br \/>\nBoa comunica\u00e7\u00e3o verbal e escrita;<br \/>\nOrganiza\u00e7\u00e3o e senso de prioridade.<br \/>\nDiferenciais:<br \/>\nExperi\u00eancia com alto volume de vagas;<br \/>\nViv\u00eancia em recrutamento para hotelaria, varejo ou servi\u00e7os;<br \/>\nF\u00e1cil acesso a S\u00e3o Conrado.<br \/>\nBenef\u00edcios:<br \/>\nAlimenta\u00e7\u00e3o no local<br \/>\nPlano de sa\u00fade<br \/>\nPlano odontol\u00f3gico<br \/>\nFash (bonifica\u00e7\u00e3o)<br \/>\nTotalPass<br \/>\nLavagem de uniforme<\/p>\n<ul>\n<li>Local de trabalho: Rio de Janeiro, RJ<\/li>\n<li>Regime de contrata\u00e7\u00e3o de tipo: Efetivo \u2013 CLT<\/li>\n<li>Jornada: Per\u00edodo Integral<\/li>\n<li>\u00c1rea e especializa\u00e7\u00e3o profissional: Administra\u00e7\u00e3o &#8211; Administra\u00e7\u00e3o Geral<\/li>\n<li>N\u00edvel hier\u00e1rquico: Assistente<\/li>\n<\/ul>\n<p>VALORIZADO<\/p>\n<p>Tempo de experi\u00eancia: Menos de 1 ano<\/p>\n<p>Escolaridade M\u00ednima: Ensino Superior<\/p>\n<p>Forma\u00e7\u00e3o desejada:<\/p>\n<ul>\n<li>Psicologia, Ensino Superior<\/li>\n<li>Administra\u00e7\u00e3o de empresas, Ensino Superior<\/li>\n<\/ul>\n","protected":false},"excerpt":{"rendered":"<p>Cargo: Assistente de Recrutamento &amp; Sele\u00e7\u00e3o (R&amp;S) Local de trabalho: S\u00e3o Conrado \u2013 Rio de Janeiro\/RJ Modalidade: 100% presencial Hor\u00e1rio: Segunda a sexta-feira, das 08h \u00e0s 18h Responsabilidades: Apoiar os processos de recrutamento e sele\u00e7\u00e3o, desde o alinhamento de perfil at\u00e9 a admiss\u00e3o; Divulgar vagas em diferentes canais (sites, redes sociais e plataformas de recrutamento); [&hellip;]<\/p>\n","protected":false},"author":1,"featured_media":0,"comment_status":"open","ping_status":"open","sticky":false,"template":"","format":"standard","meta":{"footnotes":""},"categories":[21],"tags":[],"class_list":["post-1574","post","type-post","status-publish","format-standard","hentry","category-rio-de-janeiro-rj"],"_links":{"self":[{"href":"https:\/\/vagas.portalemprego.com.br\/index.php?rest_route=\/wp\/v2\/posts\/1574","targetHints":{"allow":["GET"]}}],"collection":[{"href":"https:\/\/vagas.portalemprego.com.br\/index.php?rest_route=\/wp\/v2\/posts"}],"about":[{"href":"https:\/\/vagas.portalemprego.com.br\/index.php?rest_route=\/wp\/v2\/types\/post"}],"author":[{"embeddable":true,"href":"https:\/\/vagas.portalemprego.com.br\/index.php?rest_route=\/wp\/v2\/users\/1"}],"replies":[{"embeddable":true,"href":"https:\/\/vagas.portalemprego.com.br\/index.php?rest_route=%2Fwp%2Fv2%2Fcomments&post=1574"}],"version-history":[{"count":0,"href":"https:\/\/vagas.portalemprego.com.br\/index.php?rest_route=\/wp\/v2\/posts\/1574\/revisions"}],"wp:attachment":[{"href":"https:\/\/vagas.portalemprego.com.br\/index.php?rest_route=%2Fwp%2Fv2%2Fmedia&parent=1574"}],"wp:term":[{"taxonomy":"category","embeddable":true,"href":"https:\/\/vagas.portalemprego.com.br\/index.php?rest_route=%2Fwp%2Fv2%2Fcategories&post=1574"},{"taxonomy":"post_tag","embeddable":true,"href":"https:\/\/vagas.portalemprego.com.br\/index.php?rest_route=%2Fwp%2Fv2%2Ftags&post=1574"}],"curies":[{"name":"wp","href":"https:\/\/api.w.org\/{rel}","templated":true}]}}