{"id":1576,"date":"2026-04-29T06:04:04","date_gmt":"2026-04-29T09:04:04","guid":{"rendered":"https:\/\/vagas.portalemprego.com.br\/?p=1576"},"modified":"2026-04-29T06:04:04","modified_gmt":"2026-04-29T09:04:04","slug":"analista-de-departamento-pessoal-recursos-humanos-volta-redonda","status":"publish","type":"post","link":"https:\/\/vagas.portalemprego.com.br\/?p=1576","title":{"rendered":"Analista de Departamento Pessoal &#8211; Recursos Humanos &#8211; Volta Redonda"},"content":{"rendered":"<p>OPORTUNIDADE INCLUSIVA PARA PCD &#8211; PESSOAS COM DEFICI\u00caNCIA ?<br \/>\nDescri\u00e7\u00e3o da vaga:<br \/>\nDescri\u00e7\u00e3o do Cargo\u00a0Buscamos um Analista de Departamento Pessoal para fazer parte da equipe da Vivo Cronol\u00f3gica em Volta Redonda, RJ. Este cargo tem como responsabilidade a execu\u00e7\u00e3o de rotinas de departamento pessoal, incluindo c\u00e1lculo de folha de pagamento, administra\u00e7\u00e3o de benef\u00edcios, f\u00e9rias, gest\u00e3o de ponto eletr\u00f4nico e processos de admiss\u00e3o e desligamento. O profissional tamb\u00e9m ser\u00e1 respons\u00e1vel por garantir o cumprimento das normas trabalhistas e atender colaboradores em suas demandas relacionadas a recursos humanos.<br \/>\nQualifica\u00e7\u00f5es<br \/>\nProcessos de Departamento Pessoal: Experi\u00eancia em c\u00e1lculo de folha de pagamento, jornada de trabalho, f\u00e9rias, rescis\u00f5es, admiss\u00e3o e administra\u00e7\u00e3o de benef\u00edcios.<br \/>\nConhecimento em Legisla\u00e7\u00e3o Trabalhista: Familiaridade com leis e regulamenta\u00e7\u00f5es trabalhistas, incluindo a CLT e encargos sociais obrigat\u00f3rios ( FGTS, INSS, IR).<br \/>\nSistemas e Ferramentas: Experi\u00eancia com sistemas de gest\u00e3o de ponto eletr\u00f4nico e softwares de folha de pagamento (ERP).<br \/>\nForma\u00e7\u00e3o em Administra\u00e7\u00e3o, Recursos Humanos ou \u00e1reas relacionadas, al\u00e9m de conhecimentos intermedi\u00e1rio no pacote Office (especialmente Excel).<br \/>\nJornada de trabalho:\u00a0Segunda a sexta &#8211; 08h \u00e0s 18h<br \/>\nLocal:\u00a0Volta Redonda\/RJ<br \/>\nBenef\u00edcios:<br \/>\nAssist\u00eancia m\u00e9dica<br \/>\nAssist\u00eancia odontol\u00f3gica<br \/>\nVale-refei\u00e7\u00e3o<br \/>\nVale-transporte<br \/>\nModelo: Presencial<\/p>\n<ul>\n<li>Local de trabalho: Volta Redonda, RJ<\/li>\n<li>Regime de contrata\u00e7\u00e3o de tipo: Efetivo \u2013 CLT<\/li>\n<li>Jornada: Per\u00edodo Integral<\/li>\n<li>\u00c1rea e especializa\u00e7\u00e3o profissional: Recursos Humanos &#8211; Departamento Pessoal<\/li>\n<li>N\u00edvel hier\u00e1rquico: Analista<\/li>\n<\/ul>\n<p>HABILIDADES<\/p>\n<ul>\n<li>FGTS<\/li>\n<li>INSS<\/li>\n<li>rescis\u00e3o e admiss\u00e3o<\/li>\n<li>Gest\u00e3o de f\u00e9rias<\/li>\n<li>Folha de pagamento<\/li>\n<li>Totvs<\/li>\n<li>Microsoft excel<\/li>\n<li>Gest\u00e3o de benef\u00edcios<\/li>\n<li>Imposto de Renda<\/li>\n<li>Gest\u00e3o de jornada de trabalho<\/li>\n<\/ul>\n<p>Escolaridade M\u00ednima: Ensino Superior<\/p>\n","protected":false},"excerpt":{"rendered":"<p>OPORTUNIDADE INCLUSIVA PARA PCD &#8211; PESSOAS COM DEFICI\u00caNCIA ? Descri\u00e7\u00e3o da vaga: Descri\u00e7\u00e3o do Cargo\u00a0Buscamos um Analista de Departamento Pessoal para fazer parte da equipe da Vivo Cronol\u00f3gica em Volta Redonda, RJ. Este cargo tem como responsabilidade a execu\u00e7\u00e3o de rotinas de departamento pessoal, incluindo c\u00e1lculo de folha de pagamento, administra\u00e7\u00e3o de benef\u00edcios, f\u00e9rias, gest\u00e3o [&hellip;]<\/p>\n","protected":false},"author":1,"featured_media":0,"comment_status":"open","ping_status":"open","sticky":false,"template":"","format":"standard","meta":{"footnotes":""},"categories":[21],"tags":[],"class_list":["post-1576","post","type-post","status-publish","format-standard","hentry","category-rio-de-janeiro-rj"],"_links":{"self":[{"href":"https:\/\/vagas.portalemprego.com.br\/index.php?rest_route=\/wp\/v2\/posts\/1576","targetHints":{"allow":["GET"]}}],"collection":[{"href":"https:\/\/vagas.portalemprego.com.br\/index.php?rest_route=\/wp\/v2\/posts"}],"about":[{"href":"https:\/\/vagas.portalemprego.com.br\/index.php?rest_route=\/wp\/v2\/types\/post"}],"author":[{"embeddable":true,"href":"https:\/\/vagas.portalemprego.com.br\/index.php?rest_route=\/wp\/v2\/users\/1"}],"replies":[{"embeddable":true,"href":"https:\/\/vagas.portalemprego.com.br\/index.php?rest_route=%2Fwp%2Fv2%2Fcomments&post=1576"}],"version-history":[{"count":0,"href":"https:\/\/vagas.portalemprego.com.br\/index.php?rest_route=\/wp\/v2\/posts\/1576\/revisions"}],"wp:attachment":[{"href":"https:\/\/vagas.portalemprego.com.br\/index.php?rest_route=%2Fwp%2Fv2%2Fmedia&parent=1576"}],"wp:term":[{"taxonomy":"category","embeddable":true,"href":"https:\/\/vagas.portalemprego.com.br\/index.php?rest_route=%2Fwp%2Fv2%2Fcategories&post=1576"},{"taxonomy":"post_tag","embeddable":true,"href":"https:\/\/vagas.portalemprego.com.br\/index.php?rest_route=%2Fwp%2Fv2%2Ftags&post=1576"}],"curies":[{"name":"wp","href":"https:\/\/api.w.org\/{rel}","templated":true}]}}