{"id":1577,"date":"2026-04-29T06:04:04","date_gmt":"2026-04-29T09:04:04","guid":{"rendered":"https:\/\/vagas.portalemprego.com.br\/?p=1577"},"modified":"2026-04-29T06:04:04","modified_gmt":"2026-04-29T09:04:04","slug":"vendedora-ipanema-comercial-vendas-rio-de-janeiro","status":"publish","type":"post","link":"https:\/\/vagas.portalemprego.com.br\/?p=1577","title":{"rendered":"Vendedora &#8211; Ipanema &#8211; Comercial, Vendas &#8211; Rio de Janeiro"},"content":{"rendered":"<p>Voc\u00ea gosta de moda, tem energia e alto astral? Venha fazer parte do nosso time de sucesso.<br \/>\nIpanema &#8211; RJ<\/p>\n<p>REQUISITOS E QUALIFICA\u00c7\u00d5ES<br \/>\nSorriso no rosto e energia positiva;<br \/>\nGostar de Moda;<br \/>\nTer experi\u00eancia com vendas;<br \/>\nConhecimentos em m\u00eddias sociais<br \/>\nMotiva\u00e7\u00e3o por desafios e foco em resultado;<br \/>\nSer\u00e1 considerado diferencial j\u00e1 ter trabalhado com moda feminina;<br \/>\nSer maior de 18 anos.<br \/>\nTer Ensino M\u00e9dio Completo.<\/p>\n<p>INFORMA\u00c7\u00d5ES ADICIONAIS<\/p>\n<p>Sal\u00e1rio comissionado + Premia\u00e7\u00e3o mediante atingimento de meta ;<\/p>\n<p>Benef\u00edcios:<br \/>\n* Vale Transporte<br \/>\n* Cart\u00e3o Flex\u00edvel (VR\/VA);<br \/>\n* Assist\u00eancia M\u00e9dica ap\u00f3s per\u00edodo de experi\u00eancia;<br \/>\n* Assist\u00eancia Odontol\u00f3gica ap\u00f3s per\u00edodo de experi\u00eancia;<br \/>\n* Descontos para compra na loja ap\u00f3s o per\u00edodo de experi\u00eancia;<br \/>\n* Conv\u00eanio com institui\u00e7\u00f5es de Ensino;<br \/>\n* TotalPass.<\/p>\n<ul>\n<li>N\u00famero de vagas: 2<\/li>\n<li>Local de trabalho: Rio de Janeiro, RJ<\/li>\n<li>Regime de contrata\u00e7\u00e3o de tipo: Efetivo \u2013 CLT<\/li>\n<li>Jornada: Per\u00edodo Integral<\/li>\n<li>\u00c1rea e especializa\u00e7\u00e3o profissional: Comercial, Vendas &#8211; Lojas \/ Shopping<\/li>\n<li>N\u00edvel hier\u00e1rquico: Operacional<\/li>\n<\/ul>\n<p>Escolaridade M\u00ednima: Ensino M\u00e9dio (2\u00ba Grau)<\/p>\n","protected":false},"excerpt":{"rendered":"<p>Voc\u00ea gosta de moda, tem energia e alto astral? Venha fazer parte do nosso time de sucesso. Ipanema &#8211; RJ REQUISITOS E QUALIFICA\u00c7\u00d5ES Sorriso no rosto e energia positiva; Gostar de Moda; Ter experi\u00eancia com vendas; Conhecimentos em m\u00eddias sociais Motiva\u00e7\u00e3o por desafios e foco em resultado; Ser\u00e1 considerado diferencial j\u00e1 ter trabalhado com moda [&hellip;]<\/p>\n","protected":false},"author":1,"featured_media":0,"comment_status":"open","ping_status":"open","sticky":false,"template":"","format":"standard","meta":{"footnotes":""},"categories":[21],"tags":[],"class_list":["post-1577","post","type-post","status-publish","format-standard","hentry","category-rio-de-janeiro-rj"],"_links":{"self":[{"href":"https:\/\/vagas.portalemprego.com.br\/index.php?rest_route=\/wp\/v2\/posts\/1577","targetHints":{"allow":["GET"]}}],"collection":[{"href":"https:\/\/vagas.portalemprego.com.br\/index.php?rest_route=\/wp\/v2\/posts"}],"about":[{"href":"https:\/\/vagas.portalemprego.com.br\/index.php?rest_route=\/wp\/v2\/types\/post"}],"author":[{"embeddable":true,"href":"https:\/\/vagas.portalemprego.com.br\/index.php?rest_route=\/wp\/v2\/users\/1"}],"replies":[{"embeddable":true,"href":"https:\/\/vagas.portalemprego.com.br\/index.php?rest_route=%2Fwp%2Fv2%2Fcomments&post=1577"}],"version-history":[{"count":0,"href":"https:\/\/vagas.portalemprego.com.br\/index.php?rest_route=\/wp\/v2\/posts\/1577\/revisions"}],"wp:attachment":[{"href":"https:\/\/vagas.portalemprego.com.br\/index.php?rest_route=%2Fwp%2Fv2%2Fmedia&parent=1577"}],"wp:term":[{"taxonomy":"category","embeddable":true,"href":"https:\/\/vagas.portalemprego.com.br\/index.php?rest_route=%2Fwp%2Fv2%2Fcategories&post=1577"},{"taxonomy":"post_tag","embeddable":true,"href":"https:\/\/vagas.portalemprego.com.br\/index.php?rest_route=%2Fwp%2Fv2%2Ftags&post=1577"}],"curies":[{"name":"wp","href":"https:\/\/api.w.org\/{rel}","templated":true}]}}