{"id":1578,"date":"2026-04-29T06:04:04","date_gmt":"2026-04-29T09:04:04","guid":{"rendered":"https:\/\/vagas.portalemprego.com.br\/?p=1578"},"modified":"2026-04-29T06:04:04","modified_gmt":"2026-04-29T09:04:04","slug":"jovem-aprendiz-comercial-vendas-rio-de-janeiro-2","status":"publish","type":"post","link":"https:\/\/vagas.portalemprego.com.br\/?p=1578","title":{"rendered":"Jovem Aprendiz &#8211; Comercial, Vendas &#8211; Rio de Janeiro"},"content":{"rendered":"<p>Principais atividades:<br \/>\nApoio na organiza\u00e7\u00e3o e exposi\u00e7\u00e3o de produtos;<br \/>\nAtendimento e orienta\u00e7\u00e3o aos clientes;<br \/>\nSuporte aos vendedores e equipe de loja;<br \/>\nApoio nas rotinas administrativas do setor de vendas;<\/p>\n<p>Requisitos:<br \/>\nEnsino m\u00e9dio cursando ou completo<\/p>\n<p>Benef\u00edcios:<br \/>\nVT<br \/>\nRefei\u00e7\u00e3o no local<br \/>\nCesta b\u00e1sica<br \/>\nCesta de Natal<br \/>\nConv\u00eanio com institui\u00e7\u00f5es ensino<br \/>\nTotal Pass<br \/>\nSeguro de Vida<br \/>\nPlataforma Wellz &#8211; Apoio psicol\u00f3gico<\/p>\n<p>Jornada de Trabalho<br \/>\nEscala &#8211; Segunda \u00e0 Sexta<br \/>\n20 horas semanais<br \/>\nTurno: Manh\u00e3 ou Tarde<\/p>\n<ul>\n<li>N\u00famero de vagas: 10<\/li>\n<li>Local de trabalho: Rio de Janeiro, RJ<\/li>\n<li>Regime de contrata\u00e7\u00e3o de tipo: Jovem Aprendiz<\/li>\n<li>Jornada: Per\u00edodo Integral<\/li>\n<li>\u00c1rea e especializa\u00e7\u00e3o profissional: Comercial, Vendas &#8211; Venda Interna<\/li>\n<li>N\u00edvel hier\u00e1rquico: Operacional<\/li>\n<\/ul>\n<p>Escolaridade M\u00ednima: Ensino M\u00e9dio (2\u00ba Grau)<\/p>\n<ul>\n<li>Seguro de Vida<\/li>\n<li>Cesta b\u00e1sica<\/li>\n<li>Parceria com empresas na \u00e1rea da Educa\u00e7\u00e3o<\/li>\n<li>Cesta de Natal<\/li>\n<li>Alimenta\u00e7\u00e3o no Local<\/li>\n<li>Total Pass<\/li>\n<li>Vale Transporte<\/li>\n<\/ul>\n","protected":false},"excerpt":{"rendered":"<p>Principais atividades: Apoio na organiza\u00e7\u00e3o e exposi\u00e7\u00e3o de produtos; Atendimento e orienta\u00e7\u00e3o aos clientes; Suporte aos vendedores e equipe de loja; Apoio nas rotinas administrativas do setor de vendas; Requisitos: Ensino m\u00e9dio cursando ou completo Benef\u00edcios: VT Refei\u00e7\u00e3o no local Cesta b\u00e1sica Cesta de Natal Conv\u00eanio com institui\u00e7\u00f5es ensino Total Pass Seguro de Vida Plataforma [&hellip;]<\/p>\n","protected":false},"author":1,"featured_media":0,"comment_status":"open","ping_status":"open","sticky":false,"template":"","format":"standard","meta":{"footnotes":""},"categories":[21],"tags":[],"class_list":["post-1578","post","type-post","status-publish","format-standard","hentry","category-rio-de-janeiro-rj"],"_links":{"self":[{"href":"https:\/\/vagas.portalemprego.com.br\/index.php?rest_route=\/wp\/v2\/posts\/1578","targetHints":{"allow":["GET"]}}],"collection":[{"href":"https:\/\/vagas.portalemprego.com.br\/index.php?rest_route=\/wp\/v2\/posts"}],"about":[{"href":"https:\/\/vagas.portalemprego.com.br\/index.php?rest_route=\/wp\/v2\/types\/post"}],"author":[{"embeddable":true,"href":"https:\/\/vagas.portalemprego.com.br\/index.php?rest_route=\/wp\/v2\/users\/1"}],"replies":[{"embeddable":true,"href":"https:\/\/vagas.portalemprego.com.br\/index.php?rest_route=%2Fwp%2Fv2%2Fcomments&post=1578"}],"version-history":[{"count":0,"href":"https:\/\/vagas.portalemprego.com.br\/index.php?rest_route=\/wp\/v2\/posts\/1578\/revisions"}],"wp:attachment":[{"href":"https:\/\/vagas.portalemprego.com.br\/index.php?rest_route=%2Fwp%2Fv2%2Fmedia&parent=1578"}],"wp:term":[{"taxonomy":"category","embeddable":true,"href":"https:\/\/vagas.portalemprego.com.br\/index.php?rest_route=%2Fwp%2Fv2%2Fcategories&post=1578"},{"taxonomy":"post_tag","embeddable":true,"href":"https:\/\/vagas.portalemprego.com.br\/index.php?rest_route=%2Fwp%2Fv2%2Ftags&post=1578"}],"curies":[{"name":"wp","href":"https:\/\/api.w.org\/{rel}","templated":true}]}}