{"id":1580,"date":"2026-04-29T06:04:04","date_gmt":"2026-04-29T09:04:04","guid":{"rendered":"https:\/\/vagas.portalemprego.com.br\/?p=1580"},"modified":"2026-04-29T06:04:04","modified_gmt":"2026-04-29T09:04:04","slug":"assistente-de-comunicacao-comunicacao-tv-cinema-rio-de-janeiro-2","status":"publish","type":"post","link":"https:\/\/vagas.portalemprego.com.br\/?p=1580","title":{"rendered":"Assistente de Comunica\u00e7\u00e3o &#8211; Comunica\u00e7\u00e3o, TV, Cinema &#8211; Rio de Janeiro"},"content":{"rendered":"<p>Estamos em busca de um(a) Assistente de Comunica\u00e7\u00e3o para apoiar as atividades da \u00e1rea, contribuindo com a produ\u00e7\u00e3o de conte\u00fados, acompanhamento dos canais de comunica\u00e7\u00e3o e suporte \u00e0s campanhas e a\u00e7\u00f5es internas.<br \/>\nPrincipais atividades:<br \/>\n Atuar no apoio \u00e0 cria\u00e7\u00e3o de conte\u00fados para os canais de comunica\u00e7\u00e3o da empresa, auxiliar na publica\u00e7\u00e3o e no acompanhamento dos canais internos e dar suporte \u00e0s campanhas e a\u00e7\u00f5es desenvolvidas pela \u00e1rea, contribuindo para a organiza\u00e7\u00e3o das demandas e para a execu\u00e7\u00e3o das rotinas de comunica\u00e7\u00e3o.<br \/>\nRequisitos:<br \/>\nEnsino superior cursando ou completo em Comunica\u00e7\u00e3o Social, Marketing, Publicidade e Propaganda, Jornalismo ou \u00e1reas correlatas<br \/>\nBoa comunica\u00e7\u00e3o verbal e escrita<br \/>\nConhecimento b\u00e1sico em redes sociais e produ\u00e7\u00e3o de conte\u00fado digital<br \/>\nPerfil desejado:<br \/>\n Buscamos um perfil organizado, proativo, criativo e com interesse em atuar com comunica\u00e7\u00e3o corporativa, produ\u00e7\u00e3o de conte\u00fado e apoio \u00e0s a\u00e7\u00f5es da \u00e1rea.<br \/>\nRequisitos:<br \/>\nEnsino superior cursando ou completo em Comunica\u00e7\u00e3o Social, Marketing, Publicidade e Propaganda, Jornalismo ou \u00e1reas correlatas<br \/>\nBoa comunica\u00e7\u00e3o verbal e escrita<br \/>\nConhecimento b\u00e1sico em redes sociais e produ\u00e7\u00e3o de conte\u00fado digital<br \/>\nPerfil desejado:<br \/>\n Buscamos um perfil organizado, proativo, criativo e com interesse em atuar com comunica\u00e7\u00e3o corporativa, produ\u00e7\u00e3o de conte\u00fado e apoio \u00e0s a\u00e7\u00f5es da \u00e1rea.<br \/>\nTodas as nossas vagas est\u00e3o abertas para profissionais com defici\u00eancia (PcD).<\/p>\n<ul>\n<li>Local de trabalho: Rio de Janeiro, RJ<\/li>\n<li>Regime de contrata\u00e7\u00e3o de tipo: Efetivo \u2013 CLT<\/li>\n<li>Jornada: Per\u00edodo Integral<\/li>\n<li>\u00c1rea e especializa\u00e7\u00e3o profissional: Comunica\u00e7\u00e3o, TV, Cinema &#8211; Comunica\u00e7\u00e3o Interna<\/li>\n<li>N\u00edvel hier\u00e1rquico: Assistente<\/li>\n<\/ul>\n<p>VALORIZADO<\/p>\n<p>Tempo de experi\u00eancia: Menos de 1 ano<\/p>\n<p>Escolaridade M\u00ednima: Ensino Superior<\/p>\n","protected":false},"excerpt":{"rendered":"<p>Estamos em busca de um(a) Assistente de Comunica\u00e7\u00e3o para apoiar as atividades da \u00e1rea, contribuindo com a produ\u00e7\u00e3o de conte\u00fados, acompanhamento dos canais de comunica\u00e7\u00e3o e suporte \u00e0s campanhas e a\u00e7\u00f5es internas. Principais atividades: Atuar no apoio \u00e0 cria\u00e7\u00e3o de conte\u00fados para os canais de comunica\u00e7\u00e3o da empresa, auxiliar na publica\u00e7\u00e3o e no acompanhamento dos [&hellip;]<\/p>\n","protected":false},"author":1,"featured_media":0,"comment_status":"open","ping_status":"open","sticky":false,"template":"","format":"standard","meta":{"footnotes":""},"categories":[21],"tags":[],"class_list":["post-1580","post","type-post","status-publish","format-standard","hentry","category-rio-de-janeiro-rj"],"_links":{"self":[{"href":"https:\/\/vagas.portalemprego.com.br\/index.php?rest_route=\/wp\/v2\/posts\/1580","targetHints":{"allow":["GET"]}}],"collection":[{"href":"https:\/\/vagas.portalemprego.com.br\/index.php?rest_route=\/wp\/v2\/posts"}],"about":[{"href":"https:\/\/vagas.portalemprego.com.br\/index.php?rest_route=\/wp\/v2\/types\/post"}],"author":[{"embeddable":true,"href":"https:\/\/vagas.portalemprego.com.br\/index.php?rest_route=\/wp\/v2\/users\/1"}],"replies":[{"embeddable":true,"href":"https:\/\/vagas.portalemprego.com.br\/index.php?rest_route=%2Fwp%2Fv2%2Fcomments&post=1580"}],"version-history":[{"count":0,"href":"https:\/\/vagas.portalemprego.com.br\/index.php?rest_route=\/wp\/v2\/posts\/1580\/revisions"}],"wp:attachment":[{"href":"https:\/\/vagas.portalemprego.com.br\/index.php?rest_route=%2Fwp%2Fv2%2Fmedia&parent=1580"}],"wp:term":[{"taxonomy":"category","embeddable":true,"href":"https:\/\/vagas.portalemprego.com.br\/index.php?rest_route=%2Fwp%2Fv2%2Fcategories&post=1580"},{"taxonomy":"post_tag","embeddable":true,"href":"https:\/\/vagas.portalemprego.com.br\/index.php?rest_route=%2Fwp%2Fv2%2Ftags&post=1580"}],"curies":[{"name":"wp","href":"https:\/\/api.w.org\/{rel}","templated":true}]}}